{"id":16497,"date":"2020-04-29T20:32:30","date_gmt":"2020-04-29T20:32:30","guid":{"rendered":"http:\/\/blogdorogeriogomes.com.br\/?p=16497"},"modified":"2020-04-30T12:20:00","modified_gmt":"2020-04-30T12:20:00","slug":"assembleia-legislativa-do-ceara-aprova-prorrogacao-de-contratos-temporarios-no-estado-por-mais-12-meses","status":"publish","type":"post","link":"https:\/\/blogdorogeriogomes.com.br\/noticias\/2020\/04\/assembleia-legislativa-do-ceara-aprova-prorrogacao-de-contratos-temporarios-no-estado-por-mais-12-meses\/","title":{"rendered":"Assembleia Legislativa do Cear\u00e1 aprova prorroga\u00e7\u00e3o de contratos tempor\u00e1rios no Estado por mais 12 meses"},"content":{"rendered":"\n<p>Em sess\u00e3o remota da Assembleia Legislativa do Cear\u00e1, realizada nesta quarta-feira, dia 29 de abril, deputados estaduais aprovaram a prorroga\u00e7\u00e3o de contratos tempor\u00e1rios no Estado por mais um ano. O objetivo da Proposta de Emenda \u00e0 Constitui\u00e7\u00e3o (PEC) \u00e9 suprir a demanda de pessoal na estrutura p\u00fablica estadual em meio \u00e0 pandemia do novo coronav\u00edrus. A medida segue para a promulga\u00e7\u00e3o do governador Camilo Santana.<\/p>\n\n\n\n<p>Com a decis\u00e3o da AL, ficam validados os contratos de trabalho que acabaram antes ou durante a vig\u00eancia do estado de calamidade. A medida contempla cerca de 13 mil servidores da Secretaria da Educa\u00e7\u00e3o do Cear\u00e1, Superintend\u00eancia do Sistema de Atendimento Socioeducativo do Cear\u00e1, Funda\u00e7\u00e3o Universidade Estadual do Cear\u00e1 (Funece), Universidade Regional do Cariri (Urca) e Universidade Estadual do Vale do Acara\u00fa (UVA).<\/p>\n\n\n\n<p><\/p>\n\n\n\n<p><\/p>\n\n\n\n<figure class=\"wp-block-gallery columns-1 is-cropped wp-block-gallery-1 is-layout-flex wp-block-gallery-is-layout-flex\"><ul class=\"blocks-gallery-grid\"><li class=\"blocks-gallery-item\"><figure><img loading=\"lazy\" decoding=\"async\" width=\"1024\" height=\"610\" src=\"http:\/\/blogdorogeriogomes.com.br\/wp-content\/uploads\/2020\/04\/IMG-20200429-WA0129-1024x610.jpg\" alt=\"\" data-id=\"16498\" data-full-url=\"http:\/\/blogdorogeriogomes.com.br\/wp-content\/uploads\/2020\/04\/IMG-20200429-WA0129.jpg\" data-link=\"http:\/\/blogdorogeriogomes.com.br\/?attachment_id=16498\" class=\"wp-image-16498\" srcset=\"https:\/\/blogdorogeriogomes.com.br\/noticias\/wp-content\/uploads\/2020\/04\/IMG-20200429-WA0129-1024x610.jpg 1024w, https:\/\/blogdorogeriogomes.com.br\/noticias\/wp-content\/uploads\/2020\/04\/IMG-20200429-WA0129-300x179.jpg 300w, https:\/\/blogdorogeriogomes.com.br\/noticias\/wp-content\/uploads\/2020\/04\/IMG-20200429-WA0129-768x458.jpg 768w, https:\/\/blogdorogeriogomes.com.br\/noticias\/wp-content\/uploads\/2020\/04\/IMG-20200429-WA0129-800x477.jpg 800w, https:\/\/blogdorogeriogomes.com.br\/noticias\/wp-content\/uploads\/2020\/04\/IMG-20200429-WA0129.jpg 1280w\" sizes=\"auto, (max-width: 1024px) 100vw, 1024px\" \/><\/figure><\/li><\/ul><\/figure>\n","protected":false},"excerpt":{"rendered":"<p>Em sess\u00e3o remota da Assembleia Legislativa do Cear\u00e1, realizada nesta quarta-feira, dia 29 de abril, deputados estaduais aprovaram a prorroga\u00e7\u00e3o de contratos tempor\u00e1rios no Estado por mais um ano. O objetivo da Proposta de Emenda \u00e0 Constitui\u00e7\u00e3o (PEC) \u00e9 suprir a demanda de pessoal na estrutura p\u00fablica estadual em meio \u00e0 pandemia do novo coronav\u00edrus. A medida segue para a promulga\u00e7\u00e3o do governador Camilo Santana. Com a decis\u00e3o da AL, ficam validados os contratos de trabalho que acabaram antes&hellip;<\/p>\n","protected":false},"author":1,"featured_media":16498,"comment_status":"open","ping_status":"open","sticky":false,"template":"","format":"standard","meta":{"footnotes":""},"categories":[1],"tags":[],"class_list":["post-16497","post","type-post","status-publish","format-standard","has-post-thumbnail","hentry","category-noticias"],"_links":{"self":[{"href":"https:\/\/blogdorogeriogomes.com.br\/noticias\/wp-json\/wp\/v2\/posts\/16497","targetHints":{"allow":["GET"]}}],"collection":[{"href":"https:\/\/blogdorogeriogomes.com.br\/noticias\/wp-json\/wp\/v2\/posts"}],"about":[{"href":"https:\/\/blogdorogeriogomes.com.br\/noticias\/wp-json\/wp\/v2\/types\/post"}],"author":[{"embeddable":true,"href":"https:\/\/blogdorogeriogomes.com.br\/noticias\/wp-json\/wp\/v2\/users\/1"}],"replies":[{"embeddable":true,"href":"https:\/\/blogdorogeriogomes.com.br\/noticias\/wp-json\/wp\/v2\/comments?post=16497"}],"version-history":[{"count":1,"href":"https:\/\/blogdorogeriogomes.com.br\/noticias\/wp-json\/wp\/v2\/posts\/16497\/revisions"}],"predecessor-version":[{"id":16499,"href":"https:\/\/blogdorogeriogomes.com.br\/noticias\/wp-json\/wp\/v2\/posts\/16497\/revisions\/16499"}],"wp:featuredmedia":[{"embeddable":true,"href":"https:\/\/blogdorogeriogomes.com.br\/noticias\/wp-json\/wp\/v2\/media\/16498"}],"wp:attachment":[{"href":"https:\/\/blogdorogeriogomes.com.br\/noticias\/wp-json\/wp\/v2\/media?parent=16497"}],"wp:term":[{"taxonomy":"category","embeddable":true,"href":"https:\/\/blogdorogeriogomes.com.br\/noticias\/wp-json\/wp\/v2\/categories?post=16497"},{"taxonomy":"post_tag","embeddable":true,"href":"https:\/\/blogdorogeriogomes.com.br\/noticias\/wp-json\/wp\/v2\/tags?post=16497"}],"curies":[{"name":"wp","href":"https:\/\/api.w.org\/{rel}","templated":true}]}}