{"id":16500,"date":"2020-04-29T20:48:09","date_gmt":"2020-04-29T20:48:09","guid":{"rendered":"http:\/\/blogdorogeriogomes.com.br\/?p=16500"},"modified":"2020-04-30T12:19:23","modified_gmt":"2020-04-30T12:19:23","slug":"governo-estadual-e-prefeitura-de-fortaleza-conseguem-liberar-na-justica-94-respiradores-que-estavam-retidos-pelo-ministerio-da-saude","status":"publish","type":"post","link":"https:\/\/blogdorogeriogomes.com.br\/noticias\/2020\/04\/governo-estadual-e-prefeitura-de-fortaleza-conseguem-liberar-na-justica-94-respiradores-que-estavam-retidos-pelo-ministerio-da-saude\/","title":{"rendered":"Governo Estadual e Prefeitura de Fortaleza conseguem liberar na Justi\u00e7a 94 respiradores que estavam retidos pelo Minist\u00e9rio da Sa\u00fade"},"content":{"rendered":"\n<p>Governo do Cear\u00e1 e Prefeitura de Fortaleza conseguiram uma liminar na Justi\u00e7a para liberar uma carga de 94 respiradores artificiais, j\u00e1 comprados junto a uma empresa privada, mas que estava bloqueada pelo Minist\u00e9rio da Sa\u00fade. A liminar foi concedida pelo juiz Luis Praxedes Vieira da Silva, da 1\u00aa Vara da Justi\u00e7a Federal no Cear\u00e1, em uma A\u00e7\u00e3o Civil P\u00fablica proposta pelo Minist\u00e9rio P\u00fablico Estadual e Minist\u00e9rio P\u00fablico Federal&nbsp;determinando a suspens\u00e3o dos efeitos de requisi\u00e7\u00f5es do Minist\u00e9rio da Sa\u00fade e obrigando a empresa Intermed Equipamento M\u00e9dico Hospitalar Ltda ou o pr\u00f3prio Minist\u00e9rio a liberar&nbsp;uma carga de 94 respiradores adquiridos pelo Governo do Estado e Prefeitura de Fortaleza.<\/p>\n\n\n\n<p><\/p>\n\n\n\n<figure class=\"wp-block-gallery columns-1 is-cropped wp-block-gallery-1 is-layout-flex wp-block-gallery-is-layout-flex\"><ul class=\"blocks-gallery-grid\"><li class=\"blocks-gallery-item\"><figure><img loading=\"lazy\" decoding=\"async\" width=\"695\" height=\"403\" src=\"http:\/\/blogdorogeriogomes.com.br\/wp-content\/uploads\/2020\/04\/images-9-3.jpeg\" alt=\"\" data-id=\"16501\" data-full-url=\"http:\/\/blogdorogeriogomes.com.br\/wp-content\/uploads\/2020\/04\/images-9-3.jpeg\" data-link=\"http:\/\/blogdorogeriogomes.com.br\/?attachment_id=16501\" class=\"wp-image-16501\" srcset=\"https:\/\/blogdorogeriogomes.com.br\/noticias\/wp-content\/uploads\/2020\/04\/images-9-3.jpeg 695w, https:\/\/blogdorogeriogomes.com.br\/noticias\/wp-content\/uploads\/2020\/04\/images-9-3-300x174.jpeg 300w\" sizes=\"auto, (max-width: 695px) 100vw, 695px\" \/><\/figure><\/li><\/ul><\/figure>\n\n\n\n<p>Os ventiladores pulmonares devem equipar novos leitos de UTIs a serem usados no combate ao novo coronav\u00edrus e&nbsp;custaram R$ 6,4 milh\u00f5es aos cofres p\u00fablicos. A empresa Intermed, respons\u00e1vel pela venda, havia se recusado a entregar aparelhagem, alegando obedecer a um of\u00edcio do Minist\u00e9rio da Sa\u00fade.<\/p>\n\n\n\n<p>Nesta quarta-feira, dia 29 de abril, o Cear\u00e1&nbsp;chegou a&nbsp;7.409 casos de Covid-19 confirmados e 450 mortes pela doen\u00e7a. No Brasil, o Minist\u00e9rio da Sa\u00fade anunciou que subiu para 5.466 o n\u00famero de mortes pelo novo coronav\u00edrus no Brasil. S\u00e3o 449 \u00f3bitos confirmados nas \u00faltimas 24 horas. No total, s\u00e3o 78.162 casos oficiais no Pa\u00eds.<\/p>\n\n\n\n<p><\/p>\n","protected":false},"excerpt":{"rendered":"<p>Governo do Cear\u00e1 e Prefeitura de Fortaleza conseguiram uma liminar na Justi\u00e7a para liberar uma carga de 94 respiradores artificiais, j\u00e1 comprados junto a uma empresa privada, mas que estava bloqueada pelo Minist\u00e9rio da Sa\u00fade. A liminar foi concedida pelo juiz Luis Praxedes Vieira da Silva, da 1\u00aa Vara da Justi\u00e7a Federal no Cear\u00e1, em uma A\u00e7\u00e3o Civil P\u00fablica proposta pelo Minist\u00e9rio P\u00fablico Estadual e Minist\u00e9rio P\u00fablico Federal&nbsp;determinando a suspens\u00e3o dos efeitos de requisi\u00e7\u00f5es do Minist\u00e9rio da Sa\u00fade e&hellip;<\/p>\n","protected":false},"author":1,"featured_media":16501,"comment_status":"open","ping_status":"open","sticky":false,"template":"","format":"standard","meta":{"footnotes":""},"categories":[1],"tags":[],"class_list":["post-16500","post","type-post","status-publish","format-standard","has-post-thumbnail","hentry","category-noticias"],"_links":{"self":[{"href":"https:\/\/blogdorogeriogomes.com.br\/noticias\/wp-json\/wp\/v2\/posts\/16500","targetHints":{"allow":["GET"]}}],"collection":[{"href":"https:\/\/blogdorogeriogomes.com.br\/noticias\/wp-json\/wp\/v2\/posts"}],"about":[{"href":"https:\/\/blogdorogeriogomes.com.br\/noticias\/wp-json\/wp\/v2\/types\/post"}],"author":[{"embeddable":true,"href":"https:\/\/blogdorogeriogomes.com.br\/noticias\/wp-json\/wp\/v2\/users\/1"}],"replies":[{"embeddable":true,"href":"https:\/\/blogdorogeriogomes.com.br\/noticias\/wp-json\/wp\/v2\/comments?post=16500"}],"version-history":[{"count":2,"href":"https:\/\/blogdorogeriogomes.com.br\/noticias\/wp-json\/wp\/v2\/posts\/16500\/revisions"}],"predecessor-version":[{"id":16509,"href":"https:\/\/blogdorogeriogomes.com.br\/noticias\/wp-json\/wp\/v2\/posts\/16500\/revisions\/16509"}],"wp:featuredmedia":[{"embeddable":true,"href":"https:\/\/blogdorogeriogomes.com.br\/noticias\/wp-json\/wp\/v2\/media\/16501"}],"wp:attachment":[{"href":"https:\/\/blogdorogeriogomes.com.br\/noticias\/wp-json\/wp\/v2\/media?parent=16500"}],"wp:term":[{"taxonomy":"category","embeddable":true,"href":"https:\/\/blogdorogeriogomes.com.br\/noticias\/wp-json\/wp\/v2\/categories?post=16500"},{"taxonomy":"post_tag","embeddable":true,"href":"https:\/\/blogdorogeriogomes.com.br\/noticias\/wp-json\/wp\/v2\/tags?post=16500"}],"curies":[{"name":"wp","href":"https:\/\/api.w.org\/{rel}","templated":true}]}}