{"id":16503,"date":"2020-04-30T10:15:26","date_gmt":"2020-04-30T10:15:26","guid":{"rendered":"http:\/\/blogdorogeriogomes.com.br\/?p=16503"},"modified":"2020-04-30T12:18:53","modified_gmt":"2020-04-30T12:18:53","slug":"tasso-diz-nunca-ter-enfrentado-um-governo-tao-despreparado-quanto-o-de-bolsonaro","status":"publish","type":"post","link":"https:\/\/blogdorogeriogomes.com.br\/noticias\/2020\/04\/tasso-diz-nunca-ter-enfrentado-um-governo-tao-despreparado-quanto-o-de-bolsonaro\/","title":{"rendered":"Tasso diz nunca ter enfrentado um governo t\u00e3o despreparado quanto o de Bolsonaro"},"content":{"rendered":"\n<p>Em entrevista concedida ao Portal UOL, o senador cearense Tasso Jereissati (PSDB) fez um desabafo diante da grave crise econ\u00f4mica e de sa\u00fade enfrentada pelo Pa\u00eds durante a pandemia do novo coronav\u00edrus. &#8220;N\u00e3o me lembro de enfrentar um governo t\u00e3o despreparado. Em vez de estar liderando o combate \u00e0 pandemia, o presidente (Bolsonaro) est\u00e1 criando problemas e esquecendo completamente dessa crise que estamos vivendo&#8221;, salientou Tasso.<\/p>\n\n\n\n<figure class=\"wp-block-gallery columns-1 is-cropped wp-block-gallery-1 is-layout-flex wp-block-gallery-is-layout-flex\"><ul class=\"blocks-gallery-grid\"><li class=\"blocks-gallery-item\"><figure><img loading=\"lazy\" decoding=\"async\" width=\"715\" height=\"429\" src=\"http:\/\/blogdorogeriogomes.com.br\/wp-content\/uploads\/2020\/04\/images-10-3.jpeg\" alt=\"\" data-id=\"16504\" data-full-url=\"http:\/\/blogdorogeriogomes.com.br\/wp-content\/uploads\/2020\/04\/images-10-3.jpeg\" data-link=\"http:\/\/blogdorogeriogomes.com.br\/?attachment_id=16504\" class=\"wp-image-16504\" srcset=\"https:\/\/blogdorogeriogomes.com.br\/noticias\/wp-content\/uploads\/2020\/04\/images-10-3.jpeg 715w, https:\/\/blogdorogeriogomes.com.br\/noticias\/wp-content\/uploads\/2020\/04\/images-10-3-300x180.jpeg 300w\" sizes=\"auto, (max-width: 715px) 100vw, 715px\" \/><\/figure><\/li><\/ul><\/figure>\n\n\n\n<p>O senador do PSDB refor\u00e7ou ainda que a demiss\u00e3o de S\u00e9rgio Moro do Minist\u00e9rio da Justi\u00e7a colocou &#8220;por \u00e1gua abaixo&#8221; a bandeira de combate \u00e0 corrup\u00e7\u00e3o defendida por Bolsonaro. Ele avaliou ainda que o presidente d\u00e1 uma &#8220;guinada radical&#8221; ao se aproximar do centr\u00e3o no Congresso Nacional, a quem dizia repudiar por negociar cargos em troca de apoio pol\u00edtico, ap\u00f3s n\u00e3o ter conseguido construir uma base aliada.<\/p>\n\n\n\n<p>Tasso Jereissati diz defender que os sal\u00e1rios de servidores p\u00fablicos sejam congelados por um per\u00edodo em contrapartida ao socorro do Governo Federal a estados e munic\u00edpios, como compensa\u00e7\u00e3o \u00e0s perdas de ICMS e ISS, por conta da pandemia. A proposta passou pela C\u00e2mara dos Deputados e tramita no Senado Federal, onde deve ser votada no pr\u00f3ximo s\u00e1bado, dia 2 de maio.<\/p>\n","protected":false},"excerpt":{"rendered":"<p>Em entrevista concedida ao Portal UOL, o senador cearense Tasso Jereissati (PSDB) fez um desabafo diante da grave crise econ\u00f4mica e de sa\u00fade enfrentada pelo Pa\u00eds durante a pandemia do novo coronav\u00edrus. &#8220;N\u00e3o me lembro de enfrentar um governo t\u00e3o despreparado. Em vez de estar liderando o combate \u00e0 pandemia, o presidente (Bolsonaro) est\u00e1 criando problemas e esquecendo completamente dessa crise que estamos vivendo&#8221;, salientou Tasso. O senador do PSDB refor\u00e7ou ainda que a demiss\u00e3o de S\u00e9rgio Moro do&hellip;<\/p>\n","protected":false},"author":1,"featured_media":16504,"comment_status":"open","ping_status":"open","sticky":false,"template":"","format":"standard","meta":{"footnotes":""},"categories":[1],"tags":[],"class_list":["post-16503","post","type-post","status-publish","format-standard","has-post-thumbnail","hentry","category-noticias"],"_links":{"self":[{"href":"https:\/\/blogdorogeriogomes.com.br\/noticias\/wp-json\/wp\/v2\/posts\/16503","targetHints":{"allow":["GET"]}}],"collection":[{"href":"https:\/\/blogdorogeriogomes.com.br\/noticias\/wp-json\/wp\/v2\/posts"}],"about":[{"href":"https:\/\/blogdorogeriogomes.com.br\/noticias\/wp-json\/wp\/v2\/types\/post"}],"author":[{"embeddable":true,"href":"https:\/\/blogdorogeriogomes.com.br\/noticias\/wp-json\/wp\/v2\/users\/1"}],"replies":[{"embeddable":true,"href":"https:\/\/blogdorogeriogomes.com.br\/noticias\/wp-json\/wp\/v2\/comments?post=16503"}],"version-history":[{"count":1,"href":"https:\/\/blogdorogeriogomes.com.br\/noticias\/wp-json\/wp\/v2\/posts\/16503\/revisions"}],"predecessor-version":[{"id":16505,"href":"https:\/\/blogdorogeriogomes.com.br\/noticias\/wp-json\/wp\/v2\/posts\/16503\/revisions\/16505"}],"wp:featuredmedia":[{"embeddable":true,"href":"https:\/\/blogdorogeriogomes.com.br\/noticias\/wp-json\/wp\/v2\/media\/16504"}],"wp:attachment":[{"href":"https:\/\/blogdorogeriogomes.com.br\/noticias\/wp-json\/wp\/v2\/media?parent=16503"}],"wp:term":[{"taxonomy":"category","embeddable":true,"href":"https:\/\/blogdorogeriogomes.com.br\/noticias\/wp-json\/wp\/v2\/categories?post=16503"},{"taxonomy":"post_tag","embeddable":true,"href":"https:\/\/blogdorogeriogomes.com.br\/noticias\/wp-json\/wp\/v2\/tags?post=16503"}],"curies":[{"name":"wp","href":"https:\/\/api.w.org\/{rel}","templated":true}]}}