{"id":16506,"date":"2020-04-30T10:46:47","date_gmt":"2020-04-30T10:46:47","guid":{"rendered":"http:\/\/blogdorogeriogomes.com.br\/?p=16506"},"modified":"2020-04-30T12:19:12","modified_gmt":"2020-04-30T12:19:12","slug":"ministro-da-saude-ouve-demandas-dos-governadores-do-nordeste-mas-o-atendimento-ainda-esta-na-fase-das-promessas","status":"publish","type":"post","link":"https:\/\/blogdorogeriogomes.com.br\/noticias\/2020\/04\/ministro-da-saude-ouve-demandas-dos-governadores-do-nordeste-mas-o-atendimento-ainda-esta-na-fase-das-promessas\/","title":{"rendered":"Ministro da Sa\u00fade ouve demandas dos governadores do Nordeste, mas o atendimento ainda est\u00e1 na fase das promessas"},"content":{"rendered":"\n<p>Em novo encontro por videoconfer\u00eancia com governadores do Nordeste, nesta quarta-feira, dia 29 de abril, o ministro da Sa\u00fade, Nelson Teich, n\u00e3o trouxe respostas concretas \u00e0s demandas apresentadas pelos gestores. A primeira reuni\u00e3o dos governadores com Nelson Teich foi no \u00faltimo dia 20 de abril, quando cada governador encaminhou um relat\u00f3rio com um diagn\u00f3stico da situa\u00e7\u00e3o de cada estado diante da pandemia do novo coronav\u00edrus. Mas, por enquanto, h\u00e1 apenas sinaliza\u00e7\u00e3o verbal de atendimento \u00e0s reivindica\u00e7\u00f5es.<\/p>\n\n\n\n<p>O planejamento do Minist\u00e9rio da Sa\u00fade \u00e9 de distribuir cerca de 180 respiradores por semana entre os 27 estados da federa\u00e7\u00e3o, mas ainda n\u00e3o h\u00e1 um detalhamento sobre essa opera\u00e7\u00e3o. &#8220;Infelizmente, ainda sem um horizonte de respostas \u00e0s demandas apresentadas por Pernambuco e outros estados da regi\u00e3o, principalmente com a chegada de novos respiradores e os EPIs&#8221;, disse o governador de Pernambuco, Paulo C\u00e2mara (PSB).<\/p>\n\n\n\n<p>O governador do Cear\u00e1, Camilo Santana, solicitou ao ministro da Sa\u00fade a urg\u00eancia no envio de respiradores, equipamento fundamental para a abertura de novos leitos de UTI. \u201cA nossa luta tem sido em ampliar a rede de sa\u00fade e abrir os leitos, j\u00e1 que muitos pacientes t\u00eam chegado em estado avan\u00e7ado e necessitam de UTI, principalmente com respirador. Essa quest\u00e3o dos respiradores t\u00eam sido a maior angustia dos governadores. Fizemos uma compra grande de respiradores de fora do Brasil (700 unidades) e infelizmente ainda n\u00e3o conseguimos trazer nenhum&#8221;, disse Camilo.<\/p>\n\n\n\n<figure class=\"wp-block-gallery columns-1 is-cropped wp-block-gallery-1 is-layout-flex wp-block-gallery-is-layout-flex\"><ul class=\"blocks-gallery-grid\"><li class=\"blocks-gallery-item\"><figure><img loading=\"lazy\" decoding=\"async\" width=\"1024\" height=\"683\" src=\"http:\/\/blogdorogeriogomes.com.br\/wp-content\/uploads\/2020\/04\/29gov-1200x800-1-1024x683.jpg\" alt=\"\" data-id=\"16507\" data-full-url=\"http:\/\/blogdorogeriogomes.com.br\/wp-content\/uploads\/2020\/04\/29gov-1200x800-1.jpg\" data-link=\"http:\/\/blogdorogeriogomes.com.br\/?attachment_id=16507\" class=\"wp-image-16507\" srcset=\"https:\/\/blogdorogeriogomes.com.br\/noticias\/wp-content\/uploads\/2020\/04\/29gov-1200x800-1-1024x683.jpg 1024w, https:\/\/blogdorogeriogomes.com.br\/noticias\/wp-content\/uploads\/2020\/04\/29gov-1200x800-1-300x200.jpg 300w, https:\/\/blogdorogeriogomes.com.br\/noticias\/wp-content\/uploads\/2020\/04\/29gov-1200x800-1-768x512.jpg 768w, https:\/\/blogdorogeriogomes.com.br\/noticias\/wp-content\/uploads\/2020\/04\/29gov-1200x800-1-800x533.jpg 800w, https:\/\/blogdorogeriogomes.com.br\/noticias\/wp-content\/uploads\/2020\/04\/29gov-1200x800-1.jpg 1200w\" sizes=\"auto, (max-width: 1024px) 100vw, 1024px\" \/><\/figure><\/li><\/ul><\/figure>\n","protected":false},"excerpt":{"rendered":"<p>Em novo encontro por videoconfer\u00eancia com governadores do Nordeste, nesta quarta-feira, dia 29 de abril, o ministro da Sa\u00fade, Nelson Teich, n\u00e3o trouxe respostas concretas \u00e0s demandas apresentadas pelos gestores. A primeira reuni\u00e3o dos governadores com Nelson Teich foi no \u00faltimo dia 20 de abril, quando cada governador encaminhou um relat\u00f3rio com um diagn\u00f3stico da situa\u00e7\u00e3o de cada estado diante da pandemia do novo coronav\u00edrus. Mas, por enquanto, h\u00e1 apenas sinaliza\u00e7\u00e3o verbal de atendimento \u00e0s reivindica\u00e7\u00f5es. O planejamento do&hellip;<\/p>\n","protected":false},"author":1,"featured_media":16507,"comment_status":"open","ping_status":"open","sticky":false,"template":"","format":"standard","meta":{"footnotes":""},"categories":[1],"tags":[],"class_list":["post-16506","post","type-post","status-publish","format-standard","has-post-thumbnail","hentry","category-noticias"],"_links":{"self":[{"href":"https:\/\/blogdorogeriogomes.com.br\/noticias\/wp-json\/wp\/v2\/posts\/16506","targetHints":{"allow":["GET"]}}],"collection":[{"href":"https:\/\/blogdorogeriogomes.com.br\/noticias\/wp-json\/wp\/v2\/posts"}],"about":[{"href":"https:\/\/blogdorogeriogomes.com.br\/noticias\/wp-json\/wp\/v2\/types\/post"}],"author":[{"embeddable":true,"href":"https:\/\/blogdorogeriogomes.com.br\/noticias\/wp-json\/wp\/v2\/users\/1"}],"replies":[{"embeddable":true,"href":"https:\/\/blogdorogeriogomes.com.br\/noticias\/wp-json\/wp\/v2\/comments?post=16506"}],"version-history":[{"count":1,"href":"https:\/\/blogdorogeriogomes.com.br\/noticias\/wp-json\/wp\/v2\/posts\/16506\/revisions"}],"predecessor-version":[{"id":16508,"href":"https:\/\/blogdorogeriogomes.com.br\/noticias\/wp-json\/wp\/v2\/posts\/16506\/revisions\/16508"}],"wp:featuredmedia":[{"embeddable":true,"href":"https:\/\/blogdorogeriogomes.com.br\/noticias\/wp-json\/wp\/v2\/media\/16507"}],"wp:attachment":[{"href":"https:\/\/blogdorogeriogomes.com.br\/noticias\/wp-json\/wp\/v2\/media?parent=16506"}],"wp:term":[{"taxonomy":"category","embeddable":true,"href":"https:\/\/blogdorogeriogomes.com.br\/noticias\/wp-json\/wp\/v2\/categories?post=16506"},{"taxonomy":"post_tag","embeddable":true,"href":"https:\/\/blogdorogeriogomes.com.br\/noticias\/wp-json\/wp\/v2\/tags?post=16506"}],"curies":[{"name":"wp","href":"https:\/\/api.w.org\/{rel}","templated":true}]}}