{"id":16510,"date":"2020-04-30T18:48:22","date_gmt":"2020-04-30T18:48:22","guid":{"rendered":"http:\/\/blogdorogeriogomes.com.br\/?p=16510"},"modified":"2020-05-01T21:27:21","modified_gmt":"2020-05-01T21:27:21","slug":"vereadores-de-fortaleza-fazem-doacao-de-parte-dos-salarios-para-compra-de-mascaras-para-a-populacao","status":"publish","type":"post","link":"https:\/\/blogdorogeriogomes.com.br\/noticias\/2020\/04\/vereadores-de-fortaleza-fazem-doacao-de-parte-dos-salarios-para-compra-de-mascaras-para-a-populacao\/","title":{"rendered":"Vereadores de Fortaleza fazem doa\u00e7\u00e3o de parte dos sal\u00e1rios para compra de m\u00e1scaras para a popula\u00e7\u00e3o"},"content":{"rendered":"\n<p>Vereadores de Fortaleza decidiram doar parte dos sal\u00e1rios para ajudar em medidas de preven\u00e7\u00e3o ou tratamento da Covid-19. Neste m\u00eas de abril, foram arrecadados cerca de R$ 82 mil para a compra de m\u00e1scaras, que ser\u00e3o doadas \u00e0 popula\u00e7\u00e3o da Capital. O recurso ser\u00e1 destinado ao Fundo Municipal de Sa\u00fade. <br> &#8220;N\u00f3s estamos refor\u00e7ando nossa atividade legislativa, propondo e votando projetos para apoiar os fortalezenses neste momento. Mas n\u00e3o \u00e9 s\u00f3 isso. Com esse repasse, estamos refor\u00e7ando tamb\u00e9m nosso papel como cidad\u00e3os, preocupados com essa situa\u00e7\u00e3o que Fortaleza e o mundo todo vive&#8221;, declarou o presidente da C\u00e2mara Municipal de Fortaleza, Ant\u00f4nio Henrique (PDT).<\/p>\n\n\n\n<p>No m\u00eas passado, os parlamentares municipais destinaram parte dos seus sal\u00e1rios para a compra de cestas b\u00e1sicas que foram repassadas para o movimento Supera Fortaleza, com foco no apoio a profissionais aut\u00f4nomos que estavam impedidos de trabalhar em raz\u00e3o das medidas de isolamento social. A ideia \u00e9 realizar arrecada\u00e7\u00f5es, mensalmente, que envolvem tamb\u00e9m servidores da C\u00e2mara Municipal de Fortaleza para ajudar em a\u00e7\u00f5es sociais durante a pandemia do novo coronav\u00edrus.<\/p>\n\n\n\n<figure class=\"wp-block-gallery columns-1 is-cropped wp-block-gallery-1 is-layout-flex wp-block-gallery-is-layout-flex\"><ul class=\"blocks-gallery-grid\"><li class=\"blocks-gallery-item\"><figure><img loading=\"lazy\" decoding=\"async\" width=\"1024\" height=\"535\" src=\"http:\/\/blogdorogeriogomes.com.br\/wp-content\/uploads\/2020\/04\/WhatsApp-Image-2020-04-15-at-23.01.27-1024x535.jpeg\" alt=\"\" data-id=\"16325\" data-full-url=\"http:\/\/blogdorogeriogomes.com.br\/wp-content\/uploads\/2020\/04\/WhatsApp-Image-2020-04-15-at-23.01.27.jpeg\" data-link=\"http:\/\/blogdorogeriogomes.com.br\/2020\/04\/16\/prefeitura-de-fortaleza-quer-endurecer-punicao-a-comerciantes-que-nao-respeitam-a-quarentena\/whatsapp-image-2020-04-15-at-23-01-27\/\" class=\"wp-image-16325\" srcset=\"https:\/\/blogdorogeriogomes.com.br\/noticias\/wp-content\/uploads\/2020\/04\/WhatsApp-Image-2020-04-15-at-23.01.27-1024x535.jpeg 1024w, https:\/\/blogdorogeriogomes.com.br\/noticias\/wp-content\/uploads\/2020\/04\/WhatsApp-Image-2020-04-15-at-23.01.27-300x157.jpeg 300w, https:\/\/blogdorogeriogomes.com.br\/noticias\/wp-content\/uploads\/2020\/04\/WhatsApp-Image-2020-04-15-at-23.01.27-768x402.jpeg 768w, https:\/\/blogdorogeriogomes.com.br\/noticias\/wp-content\/uploads\/2020\/04\/WhatsApp-Image-2020-04-15-at-23.01.27-800x418.jpeg 800w, https:\/\/blogdorogeriogomes.com.br\/noticias\/wp-content\/uploads\/2020\/04\/WhatsApp-Image-2020-04-15-at-23.01.27.jpeg 1136w\" sizes=\"auto, (max-width: 1024px) 100vw, 1024px\" \/><\/figure><\/li><\/ul><\/figure>\n","protected":false},"excerpt":{"rendered":"<p>Vereadores de Fortaleza decidiram doar parte dos sal\u00e1rios para ajudar em medidas de preven\u00e7\u00e3o ou tratamento da Covid-19. Neste m\u00eas de abril, foram arrecadados cerca de R$ 82 mil para a compra de m\u00e1scaras, que ser\u00e3o doadas \u00e0 popula\u00e7\u00e3o da Capital. O recurso ser\u00e1 destinado ao Fundo Municipal de Sa\u00fade. &#8220;N\u00f3s estamos refor\u00e7ando nossa atividade legislativa, propondo e votando projetos para apoiar os fortalezenses neste momento. Mas n\u00e3o \u00e9 s\u00f3 isso. Com esse repasse, estamos refor\u00e7ando tamb\u00e9m nosso papel&hellip;<\/p>\n","protected":false},"author":1,"featured_media":16498,"comment_status":"open","ping_status":"open","sticky":false,"template":"","format":"standard","meta":{"footnotes":""},"categories":[1],"tags":[],"class_list":["post-16510","post","type-post","status-publish","format-standard","has-post-thumbnail","hentry","category-noticias"],"_links":{"self":[{"href":"https:\/\/blogdorogeriogomes.com.br\/noticias\/wp-json\/wp\/v2\/posts\/16510","targetHints":{"allow":["GET"]}}],"collection":[{"href":"https:\/\/blogdorogeriogomes.com.br\/noticias\/wp-json\/wp\/v2\/posts"}],"about":[{"href":"https:\/\/blogdorogeriogomes.com.br\/noticias\/wp-json\/wp\/v2\/types\/post"}],"author":[{"embeddable":true,"href":"https:\/\/blogdorogeriogomes.com.br\/noticias\/wp-json\/wp\/v2\/users\/1"}],"replies":[{"embeddable":true,"href":"https:\/\/blogdorogeriogomes.com.br\/noticias\/wp-json\/wp\/v2\/comments?post=16510"}],"version-history":[{"count":1,"href":"https:\/\/blogdorogeriogomes.com.br\/noticias\/wp-json\/wp\/v2\/posts\/16510\/revisions"}],"predecessor-version":[{"id":16511,"href":"https:\/\/blogdorogeriogomes.com.br\/noticias\/wp-json\/wp\/v2\/posts\/16510\/revisions\/16511"}],"wp:featuredmedia":[{"embeddable":true,"href":"https:\/\/blogdorogeriogomes.com.br\/noticias\/wp-json\/wp\/v2\/media\/16498"}],"wp:attachment":[{"href":"https:\/\/blogdorogeriogomes.com.br\/noticias\/wp-json\/wp\/v2\/media?parent=16510"}],"wp:term":[{"taxonomy":"category","embeddable":true,"href":"https:\/\/blogdorogeriogomes.com.br\/noticias\/wp-json\/wp\/v2\/categories?post=16510"},{"taxonomy":"post_tag","embeddable":true,"href":"https:\/\/blogdorogeriogomes.com.br\/noticias\/wp-json\/wp\/v2\/tags?post=16510"}],"curies":[{"name":"wp","href":"https:\/\/api.w.org\/{rel}","templated":true}]}}