{"id":16519,"date":"2020-05-01T11:04:48","date_gmt":"2020-05-01T11:04:48","guid":{"rendered":"http:\/\/blogdorogeriogomes.com.br\/?p=16519"},"modified":"2020-05-01T21:26:43","modified_gmt":"2020-05-01T21:26:43","slug":"ministro-celso-de-mello-da-prazo-de-cinco-dias-para-que-moro-preste-depoimento-e-apresente-provas-contra-jair-bolsonaro","status":"publish","type":"post","link":"https:\/\/blogdorogeriogomes.com.br\/noticias\/2020\/05\/ministro-celso-de-mello-da-prazo-de-cinco-dias-para-que-moro-preste-depoimento-e-apresente-provas-contra-jair-bolsonaro\/","title":{"rendered":"Ministro Celso de Mello d\u00e1 prazo de cinco dias para que Moro preste depoimento e apresente provas contra Jair Bolsonaro"},"content":{"rendered":"\n<p>O ministro Celso de Mello, do Supremo Tribunal Federal (STF), deu o prazo de cinco dias para que o ex-ministro da Justi\u00e7a e Seguran\u00e7a P\u00fablica, S\u00e9rgio Moro, preste depoimento sobre as acusa\u00e7\u00f5es feitas contra Jair Bolsonaro.&nbsp;<\/p>\n\n\n\n<p>A decis\u00e3o antecipa o prazo inicial determinado pelo pr\u00f3prio ministro para colher o depoimento de Moro, que era de 60 dias. Moro acusa Bolsonaro de interfer\u00eancia pol\u00edtica na Pol\u00edcia Federal para obter acesso a informa\u00e7\u00f5es sigilosas e relat\u00f3rios de intelig\u00eancia.<\/p>\n\n\n\n<p>Em entrevista \u00e0 revista Veja, o&nbsp;ex-ministro Sergio Moro afirmou que apresentar\u00e1 provas que mostram a tentativa de Jair Bolsonaro de interferir na Pol\u00edcia Federal. \u201cReitero tudo o que disse no meu pronunciamento. Esclarecimentos adicionais farei apenas quando for instado pela Justi\u00e7a. As provas ser\u00e3o apresentadas no momento oportuno, quando a Justi\u00e7a solicitar. Sinais de que o combate \u00e0 corrup\u00e7\u00e3o n\u00e3o \u00e9 prioridade do governo foram surgindo no decorrer da gest\u00e3o. Come\u00e7ou com a transfer\u00eancia do Coaf para o Minist\u00e9rio da Economia. O governo n\u00e3o se movimentou para impedir a mudan\u00e7a. Depois, veio o projeto anticrime\u201d, ressaltou.<\/p>\n\n\n\n<p>S\u00e9rgio Moro reclama das redes sociais bolsonaristas desde que deixou o Minist\u00e9rio da Justi\u00e7a e virou desafeto do presidente Bolsonaro. Diz estar sofrendo at\u00e9 amea\u00e7as e tem medo de um atentado. &#8220;Sigo tendo a prote\u00e7\u00e3o da Pol\u00edcia Federal. N\u00e3o gosto de falar muito nesse assunto. Isso \u00e9 algo que assusta pessoas pr\u00f3ximas a mim&#8230;atacaram minha esposa e est\u00e3o confeccionando e divulgando dossi\u00eas contra ela com informa\u00e7\u00f5es absolutamente falsas&#8221;, completou Moro.<\/p>\n\n\n\n<p><\/p>\n\n\n\n<p><\/p>\n\n\n\n<figure class=\"wp-block-gallery columns-1 is-cropped wp-block-gallery-1 is-layout-flex wp-block-gallery-is-layout-flex\"><ul class=\"blocks-gallery-grid\"><li class=\"blocks-gallery-item\"><figure><img loading=\"lazy\" decoding=\"async\" width=\"800\" height=\"384\" src=\"http:\/\/blogdorogeriogomes.com.br\/wp-content\/uploads\/2020\/05\/images-13.jpeg\" alt=\"\" data-id=\"16520\" data-full-url=\"http:\/\/blogdorogeriogomes.com.br\/wp-content\/uploads\/2020\/05\/images-13.jpeg\" data-link=\"http:\/\/blogdorogeriogomes.com.br\/?attachment_id=16520\" class=\"wp-image-16520\" srcset=\"https:\/\/blogdorogeriogomes.com.br\/noticias\/wp-content\/uploads\/2020\/05\/images-13.jpeg 800w, https:\/\/blogdorogeriogomes.com.br\/noticias\/wp-content\/uploads\/2020\/05\/images-13-300x144.jpeg 300w, https:\/\/blogdorogeriogomes.com.br\/noticias\/wp-content\/uploads\/2020\/05\/images-13-768x369.jpeg 768w\" sizes=\"auto, (max-width: 800px) 100vw, 800px\" \/><\/figure><\/li><\/ul><\/figure>\n","protected":false},"excerpt":{"rendered":"<p>O ministro Celso de Mello, do Supremo Tribunal Federal (STF), deu o prazo de cinco dias para que o ex-ministro da Justi\u00e7a e Seguran\u00e7a P\u00fablica, S\u00e9rgio Moro, preste depoimento sobre as acusa\u00e7\u00f5es feitas contra Jair Bolsonaro.&nbsp; A decis\u00e3o antecipa o prazo inicial determinado pelo pr\u00f3prio ministro para colher o depoimento de Moro, que era de 60 dias. Moro acusa Bolsonaro de interfer\u00eancia pol\u00edtica na Pol\u00edcia Federal para obter acesso a informa\u00e7\u00f5es sigilosas e relat\u00f3rios de intelig\u00eancia. Em entrevista \u00e0&hellip;<\/p>\n","protected":false},"author":1,"featured_media":16520,"comment_status":"open","ping_status":"open","sticky":false,"template":"","format":"standard","meta":{"footnotes":""},"categories":[1],"tags":[],"class_list":["post-16519","post","type-post","status-publish","format-standard","has-post-thumbnail","hentry","category-noticias"],"_links":{"self":[{"href":"https:\/\/blogdorogeriogomes.com.br\/noticias\/wp-json\/wp\/v2\/posts\/16519","targetHints":{"allow":["GET"]}}],"collection":[{"href":"https:\/\/blogdorogeriogomes.com.br\/noticias\/wp-json\/wp\/v2\/posts"}],"about":[{"href":"https:\/\/blogdorogeriogomes.com.br\/noticias\/wp-json\/wp\/v2\/types\/post"}],"author":[{"embeddable":true,"href":"https:\/\/blogdorogeriogomes.com.br\/noticias\/wp-json\/wp\/v2\/users\/1"}],"replies":[{"embeddable":true,"href":"https:\/\/blogdorogeriogomes.com.br\/noticias\/wp-json\/wp\/v2\/comments?post=16519"}],"version-history":[{"count":2,"href":"https:\/\/blogdorogeriogomes.com.br\/noticias\/wp-json\/wp\/v2\/posts\/16519\/revisions"}],"predecessor-version":[{"id":16529,"href":"https:\/\/blogdorogeriogomes.com.br\/noticias\/wp-json\/wp\/v2\/posts\/16519\/revisions\/16529"}],"wp:featuredmedia":[{"embeddable":true,"href":"https:\/\/blogdorogeriogomes.com.br\/noticias\/wp-json\/wp\/v2\/media\/16520"}],"wp:attachment":[{"href":"https:\/\/blogdorogeriogomes.com.br\/noticias\/wp-json\/wp\/v2\/media?parent=16519"}],"wp:term":[{"taxonomy":"category","embeddable":true,"href":"https:\/\/blogdorogeriogomes.com.br\/noticias\/wp-json\/wp\/v2\/categories?post=16519"},{"taxonomy":"post_tag","embeddable":true,"href":"https:\/\/blogdorogeriogomes.com.br\/noticias\/wp-json\/wp\/v2\/tags?post=16519"}],"curies":[{"name":"wp","href":"https:\/\/api.w.org\/{rel}","templated":true}]}}