{"id":16530,"date":"2020-05-01T23:47:38","date_gmt":"2020-05-01T23:47:38","guid":{"rendered":"http:\/\/blogdorogeriogomes.com.br\/?p=16530"},"modified":"2020-05-02T13:08:21","modified_gmt":"2020-05-02T13:08:21","slug":"camilo-santana-e-roberto-claudio-alertam-para-o-aumento-de-casos-de-covid-19-e-possibilidade-de-endurecer-medidas-de-isolamento","status":"publish","type":"post","link":"https:\/\/blogdorogeriogomes.com.br\/noticias\/2020\/05\/camilo-santana-e-roberto-claudio-alertam-para-o-aumento-de-casos-de-covid-19-e-possibilidade-de-endurecer-medidas-de-isolamento\/","title":{"rendered":"Camilo Santana e Roberto Cl\u00e1udio alertam para o aumento de casos de Covid-19 e possibilidade de endurecer medidas de isolamento"},"content":{"rendered":"\n<p>O governador do Cear\u00e1, Camilo Santana, e o prefeito de Fortaleza, Roberto Cl\u00e1udio, deram uma entrevista em conjunto na noite desta sexta-feira, dia 1\u00b0 de maio. Os dois confirmaram o quadro de gravidade com o aumento de casos da Covid-19 na Capital e no interior do Estado. Camilo Santana j\u00e1 confirmou que vai estender o decreto de quarentena, que terminaria na ter\u00e7a-feira, dia 5 de maio. O novo prazo ainda ser\u00e1 definido.<\/p>\n\n\n\n<figure class=\"wp-block-gallery columns-1 is-cropped wp-block-gallery-1 is-layout-flex wp-block-gallery-is-layout-flex\"><ul class=\"blocks-gallery-grid\"><li class=\"blocks-gallery-item\"><figure><img loading=\"lazy\" decoding=\"async\" width=\"732\" height=\"419\" src=\"http:\/\/blogdorogeriogomes.com.br\/wp-content\/uploads\/2020\/05\/images-1.jpeg\" alt=\"\" data-id=\"16531\" data-full-url=\"http:\/\/blogdorogeriogomes.com.br\/wp-content\/uploads\/2020\/05\/images-1.jpeg\" data-link=\"http:\/\/blogdorogeriogomes.com.br\/?attachment_id=16531\" class=\"wp-image-16531\" srcset=\"https:\/\/blogdorogeriogomes.com.br\/noticias\/wp-content\/uploads\/2020\/05\/images-1.jpeg 732w, https:\/\/blogdorogeriogomes.com.br\/noticias\/wp-content\/uploads\/2020\/05\/images-1-300x172.jpeg 300w\" sizes=\"auto, (max-width: 732px) 100vw, 732px\" \/><\/figure><\/li><\/ul><\/figure>\n\n\n\n<p>Camilo Santana e Roberto Cl\u00e1udio estudam, com o apoio das autoridades de sa\u00fade e do Minist\u00e9rio P\u00fablico, a possibilidade de endurecimento das regras de isolamento. O problema \u00e9 a diminui\u00e7\u00e3o dos \u00edndices de isolamento social, tanto em Fortaleza, como em cidades do interior do Cear\u00e1.<\/p>\n\n\n\n<p>Tamb\u00e9m foram anunciadas a implanta\u00e7\u00e3o de mais 100 leitos de UTI numa parceria do Governo Estadual e Prefeitura de Fortaleza e a instala\u00e7\u00e3o de uma unidade de atendimento para pacientes com coronav\u00edrus no Centro de Forma\u00e7\u00e3o Ol\u00edmpica, em Fortaleza.<\/p>\n","protected":false},"excerpt":{"rendered":"<p>O governador do Cear\u00e1, Camilo Santana, e o prefeito de Fortaleza, Roberto Cl\u00e1udio, deram uma entrevista em conjunto na noite desta sexta-feira, dia 1\u00b0 de maio. Os dois confirmaram o quadro de gravidade com o aumento de casos da Covid-19 na Capital e no interior do Estado. Camilo Santana j\u00e1 confirmou que vai estender o decreto de quarentena, que terminaria na ter\u00e7a-feira, dia 5 de maio. O novo prazo ainda ser\u00e1 definido. Camilo Santana e Roberto Cl\u00e1udio estudam, com&hellip;<\/p>\n","protected":false},"author":1,"featured_media":16531,"comment_status":"open","ping_status":"open","sticky":false,"template":"","format":"standard","meta":{"footnotes":""},"categories":[1],"tags":[],"class_list":["post-16530","post","type-post","status-publish","format-standard","has-post-thumbnail","hentry","category-noticias"],"_links":{"self":[{"href":"https:\/\/blogdorogeriogomes.com.br\/noticias\/wp-json\/wp\/v2\/posts\/16530","targetHints":{"allow":["GET"]}}],"collection":[{"href":"https:\/\/blogdorogeriogomes.com.br\/noticias\/wp-json\/wp\/v2\/posts"}],"about":[{"href":"https:\/\/blogdorogeriogomes.com.br\/noticias\/wp-json\/wp\/v2\/types\/post"}],"author":[{"embeddable":true,"href":"https:\/\/blogdorogeriogomes.com.br\/noticias\/wp-json\/wp\/v2\/users\/1"}],"replies":[{"embeddable":true,"href":"https:\/\/blogdorogeriogomes.com.br\/noticias\/wp-json\/wp\/v2\/comments?post=16530"}],"version-history":[{"count":1,"href":"https:\/\/blogdorogeriogomes.com.br\/noticias\/wp-json\/wp\/v2\/posts\/16530\/revisions"}],"predecessor-version":[{"id":16532,"href":"https:\/\/blogdorogeriogomes.com.br\/noticias\/wp-json\/wp\/v2\/posts\/16530\/revisions\/16532"}],"wp:featuredmedia":[{"embeddable":true,"href":"https:\/\/blogdorogeriogomes.com.br\/noticias\/wp-json\/wp\/v2\/media\/16531"}],"wp:attachment":[{"href":"https:\/\/blogdorogeriogomes.com.br\/noticias\/wp-json\/wp\/v2\/media?parent=16530"}],"wp:term":[{"taxonomy":"category","embeddable":true,"href":"https:\/\/blogdorogeriogomes.com.br\/noticias\/wp-json\/wp\/v2\/categories?post=16530"},{"taxonomy":"post_tag","embeddable":true,"href":"https:\/\/blogdorogeriogomes.com.br\/noticias\/wp-json\/wp\/v2\/tags?post=16530"}],"curies":[{"name":"wp","href":"https:\/\/api.w.org\/{rel}","templated":true}]}}