{"id":16533,"date":"2020-05-02T11:53:36","date_gmt":"2020-05-02T11:53:36","guid":{"rendered":"http:\/\/blogdorogeriogomes.com.br\/?p=16533"},"modified":"2020-05-02T13:08:14","modified_gmt":"2020-05-02T13:08:14","slug":"sergio-moro-presta-depoimento-neste-sabado-na-policia-federal-em-curitiba","status":"publish","type":"post","link":"https:\/\/blogdorogeriogomes.com.br\/noticias\/2020\/05\/sergio-moro-presta-depoimento-neste-sabado-na-policia-federal-em-curitiba\/","title":{"rendered":"S\u00e9rgio Moro presta depoimento neste s\u00e1bado na Pol\u00edcia Federal em Curitiba"},"content":{"rendered":"\n<p>O ex-ministro Sergio Moro presta depoimento \u00e0 Pol\u00edcia Federal, neste s\u00e1bado, dia 2 de maio, em Curitiba, para falar sobre as acusa\u00e7\u00f5es feitas contra o presidente Jair Bolsonaro ao sair do governo. O ministro Celso de Mello, do STF, autorizou o in\u00edcio das investiga\u00e7\u00f5es acerca das acusa\u00e7\u00f5es do ex-ministro da Justi\u00e7a.<\/p>\n\n\n\n<figure class=\"wp-block-gallery columns-1 is-cropped wp-block-gallery-1 is-layout-flex wp-block-gallery-is-layout-flex\"><ul class=\"blocks-gallery-grid\"><li class=\"blocks-gallery-item\"><figure><img loading=\"lazy\" decoding=\"async\" width=\"699\" height=\"439\" src=\"http:\/\/blogdorogeriogomes.com.br\/wp-content\/uploads\/2020\/05\/images-2.jpeg\" alt=\"\" data-id=\"16534\" data-full-url=\"http:\/\/blogdorogeriogomes.com.br\/wp-content\/uploads\/2020\/05\/images-2.jpeg\" data-link=\"http:\/\/blogdorogeriogomes.com.br\/?attachment_id=16534\" class=\"wp-image-16534\" srcset=\"https:\/\/blogdorogeriogomes.com.br\/noticias\/wp-content\/uploads\/2020\/05\/images-2.jpeg 699w, https:\/\/blogdorogeriogomes.com.br\/noticias\/wp-content\/uploads\/2020\/05\/images-2-300x188.jpeg 300w, https:\/\/blogdorogeriogomes.com.br\/noticias\/wp-content\/uploads\/2020\/05\/images-2-320x202.jpeg 320w\" sizes=\"auto, (max-width: 699px) 100vw, 699px\" \/><\/figure><\/li><\/ul><\/figure>\n\n\n\n<p>Segundo a revista \u00c9poca, S\u00e9rgio Moro preparou um dossi\u00ea com o hist\u00f3rico de 15 meses de conversas no Whatsapp para provar as den\u00fancias de interfer\u00eancia de Jair Bolsonaro no comando da Pol\u00edcia Federal.&nbsp;Ele teria gravado em seu whatsapp \u00e1udios, conversas, links e imagens trocadas com Bolsonaro e organizou o acervo de forma volunt\u00e1ria para ser entregue durante seu depoimento, que acontece na sede da Pol\u00edcia Federal, em Curitiba.<\/p>\n","protected":false},"excerpt":{"rendered":"<p>O ex-ministro Sergio Moro presta depoimento \u00e0 Pol\u00edcia Federal, neste s\u00e1bado, dia 2 de maio, em Curitiba, para falar sobre as acusa\u00e7\u00f5es feitas contra o presidente Jair Bolsonaro ao sair do governo. O ministro Celso de Mello, do STF, autorizou o in\u00edcio das investiga\u00e7\u00f5es acerca das acusa\u00e7\u00f5es do ex-ministro da Justi\u00e7a. Segundo a revista \u00c9poca, S\u00e9rgio Moro preparou um dossi\u00ea com o hist\u00f3rico de 15 meses de conversas no Whatsapp para provar as den\u00fancias de interfer\u00eancia de Jair Bolsonaro&hellip;<\/p>\n","protected":false},"author":1,"featured_media":16534,"comment_status":"open","ping_status":"open","sticky":false,"template":"","format":"standard","meta":{"footnotes":""},"categories":[1],"tags":[],"class_list":["post-16533","post","type-post","status-publish","format-standard","has-post-thumbnail","hentry","category-noticias"],"_links":{"self":[{"href":"https:\/\/blogdorogeriogomes.com.br\/noticias\/wp-json\/wp\/v2\/posts\/16533","targetHints":{"allow":["GET"]}}],"collection":[{"href":"https:\/\/blogdorogeriogomes.com.br\/noticias\/wp-json\/wp\/v2\/posts"}],"about":[{"href":"https:\/\/blogdorogeriogomes.com.br\/noticias\/wp-json\/wp\/v2\/types\/post"}],"author":[{"embeddable":true,"href":"https:\/\/blogdorogeriogomes.com.br\/noticias\/wp-json\/wp\/v2\/users\/1"}],"replies":[{"embeddable":true,"href":"https:\/\/blogdorogeriogomes.com.br\/noticias\/wp-json\/wp\/v2\/comments?post=16533"}],"version-history":[{"count":2,"href":"https:\/\/blogdorogeriogomes.com.br\/noticias\/wp-json\/wp\/v2\/posts\/16533\/revisions"}],"predecessor-version":[{"id":16539,"href":"https:\/\/blogdorogeriogomes.com.br\/noticias\/wp-json\/wp\/v2\/posts\/16533\/revisions\/16539"}],"wp:featuredmedia":[{"embeddable":true,"href":"https:\/\/blogdorogeriogomes.com.br\/noticias\/wp-json\/wp\/v2\/media\/16534"}],"wp:attachment":[{"href":"https:\/\/blogdorogeriogomes.com.br\/noticias\/wp-json\/wp\/v2\/media?parent=16533"}],"wp:term":[{"taxonomy":"category","embeddable":true,"href":"https:\/\/blogdorogeriogomes.com.br\/noticias\/wp-json\/wp\/v2\/categories?post=16533"},{"taxonomy":"post_tag","embeddable":true,"href":"https:\/\/blogdorogeriogomes.com.br\/noticias\/wp-json\/wp\/v2\/tags?post=16533"}],"curies":[{"name":"wp","href":"https:\/\/api.w.org\/{rel}","templated":true}]}}