{"id":16536,"date":"2020-05-02T12:27:03","date_gmt":"2020-05-02T12:27:03","guid":{"rendered":"http:\/\/blogdorogeriogomes.com.br\/?p=16536"},"modified":"2020-05-02T13:08:06","modified_gmt":"2020-05-02T13:08:06","slug":"clubes-cearenses-aguardam-prorrogacao-da-quarentena-para-definir-sobre-retorno-ou-nao-dos-treinamentos","status":"publish","type":"post","link":"https:\/\/blogdorogeriogomes.com.br\/noticias\/2020\/05\/clubes-cearenses-aguardam-prorrogacao-da-quarentena-para-definir-sobre-retorno-ou-nao-dos-treinamentos\/","title":{"rendered":"Clubes cearenses aguardam prorroga\u00e7\u00e3o da quarentena para definir sobre retorno ou n\u00e3o dos treinamentos"},"content":{"rendered":"\n<p>Dirigentes do Cear\u00e1, Fortaleza e Ferrovi\u00e1rio aguardam o novo decreto governamental sobre a prorroga\u00e7\u00e3o da quarentena no Estado, a fim de definir os pr\u00f3ximos passos em rela\u00e7\u00e3o ao retorno dos treinamentos. A volta das atividades futebol\u00edsticas no Cear\u00e1 e no Brasil ainda \u00e9 incerta, diante do agravamento da pandemia da Covid-19.<\/p>\n\n\n\n<p>Durante a semana, o Minist\u00e9rio da Sa\u00fade deu sinal verde para o retorno dos treinos dos times, mas respeitando o distanciamento e os decretos baixados pelos governadores de cada estado. Federa\u00e7\u00e3o Cearense de Futebol e os dirigentes dos times cearenses j\u00e1 deixaram claro que v\u00e3o seguir o que determinarem as autoridades de sa\u00fade do Cear\u00e1, com o objetivo de preservar a seguran\u00e7a de atletas e funcion\u00e1rios dos clubes.<\/p>\n\n\n\n<p>Enquanto n\u00e3o se define um calend\u00e1rio de volta do futebol, os clubes enfrentam o desafio de honrar as suas folhas de pagamento com atletas e comiss\u00e3o t\u00e9cnica. Foram antecipadas as f\u00e9rias dos jogadores em abril. Agora, em maio, a proposta \u00e9 passar a negociar a redu\u00e7\u00e3o salarial dos elencos. Sem receitas com bilheterias, os times buscam alternativas para manter os compromissos em dia. <\/p>\n\n\n\n<figure class=\"wp-block-gallery columns-1 is-cropped wp-block-gallery-1 is-layout-flex wp-block-gallery-is-layout-flex\"><ul class=\"blocks-gallery-grid\"><li class=\"blocks-gallery-item\"><figure><img loading=\"lazy\" decoding=\"async\" width=\"678\" height=\"452\" src=\"http:\/\/blogdorogeriogomes.com.br\/wp-content\/uploads\/2020\/05\/images-3.jpeg\" alt=\"\" data-id=\"16537\" data-full-url=\"http:\/\/blogdorogeriogomes.com.br\/wp-content\/uploads\/2020\/05\/images-3.jpeg\" data-link=\"http:\/\/blogdorogeriogomes.com.br\/?attachment_id=16537\" class=\"wp-image-16537\" srcset=\"https:\/\/blogdorogeriogomes.com.br\/noticias\/wp-content\/uploads\/2020\/05\/images-3.jpeg 678w, https:\/\/blogdorogeriogomes.com.br\/noticias\/wp-content\/uploads\/2020\/05\/images-3-300x200.jpeg 300w\" sizes=\"auto, (max-width: 678px) 100vw, 678px\" \/><\/figure><\/li><\/ul><\/figure>\n","protected":false},"excerpt":{"rendered":"<p>Dirigentes do Cear\u00e1, Fortaleza e Ferrovi\u00e1rio aguardam o novo decreto governamental sobre a prorroga\u00e7\u00e3o da quarentena no Estado, a fim de definir os pr\u00f3ximos passos em rela\u00e7\u00e3o ao retorno dos treinamentos. A volta das atividades futebol\u00edsticas no Cear\u00e1 e no Brasil ainda \u00e9 incerta, diante do agravamento da pandemia da Covid-19. Durante a semana, o Minist\u00e9rio da Sa\u00fade deu sinal verde para o retorno dos treinos dos times, mas respeitando o distanciamento e os decretos baixados pelos governadores de&hellip;<\/p>\n","protected":false},"author":1,"featured_media":16537,"comment_status":"open","ping_status":"open","sticky":false,"template":"","format":"standard","meta":{"footnotes":""},"categories":[1],"tags":[],"class_list":["post-16536","post","type-post","status-publish","format-standard","has-post-thumbnail","hentry","category-noticias"],"_links":{"self":[{"href":"https:\/\/blogdorogeriogomes.com.br\/noticias\/wp-json\/wp\/v2\/posts\/16536","targetHints":{"allow":["GET"]}}],"collection":[{"href":"https:\/\/blogdorogeriogomes.com.br\/noticias\/wp-json\/wp\/v2\/posts"}],"about":[{"href":"https:\/\/blogdorogeriogomes.com.br\/noticias\/wp-json\/wp\/v2\/types\/post"}],"author":[{"embeddable":true,"href":"https:\/\/blogdorogeriogomes.com.br\/noticias\/wp-json\/wp\/v2\/users\/1"}],"replies":[{"embeddable":true,"href":"https:\/\/blogdorogeriogomes.com.br\/noticias\/wp-json\/wp\/v2\/comments?post=16536"}],"version-history":[{"count":1,"href":"https:\/\/blogdorogeriogomes.com.br\/noticias\/wp-json\/wp\/v2\/posts\/16536\/revisions"}],"predecessor-version":[{"id":16538,"href":"https:\/\/blogdorogeriogomes.com.br\/noticias\/wp-json\/wp\/v2\/posts\/16536\/revisions\/16538"}],"wp:featuredmedia":[{"embeddable":true,"href":"https:\/\/blogdorogeriogomes.com.br\/noticias\/wp-json\/wp\/v2\/media\/16537"}],"wp:attachment":[{"href":"https:\/\/blogdorogeriogomes.com.br\/noticias\/wp-json\/wp\/v2\/media?parent=16536"}],"wp:term":[{"taxonomy":"category","embeddable":true,"href":"https:\/\/blogdorogeriogomes.com.br\/noticias\/wp-json\/wp\/v2\/categories?post=16536"},{"taxonomy":"post_tag","embeddable":true,"href":"https:\/\/blogdorogeriogomes.com.br\/noticias\/wp-json\/wp\/v2\/tags?post=16536"}],"curies":[{"name":"wp","href":"https:\/\/api.w.org\/{rel}","templated":true}]}}