{"id":16549,"date":"2020-05-04T10:39:56","date_gmt":"2020-05-04T10:39:56","guid":{"rendered":"http:\/\/blogdorogeriogomes.com.br\/?p=16549"},"modified":"2020-05-04T13:28:26","modified_gmt":"2020-05-04T13:28:26","slug":"agencias-da-caixa-economica-adotam-novo-horario-para-realizacao-do-saque-emergencial","status":"publish","type":"post","link":"https:\/\/blogdorogeriogomes.com.br\/noticias\/2020\/05\/agencias-da-caixa-economica-adotam-novo-horario-para-realizacao-do-saque-emergencial\/","title":{"rendered":"Ag\u00eancias da Caixa Econ\u00f4mica adotam novo hor\u00e1rio para realiza\u00e7\u00e3o do saque emergencial"},"content":{"rendered":"\n<p>O saque do aux\u00edlio emergencial tem causado aglomera\u00e7\u00f5es nas ag\u00eancias da Caixa Econ\u00f4mica de todo o Pa\u00eds. A falta de informa\u00e7\u00f5es e a dificuldade para acessar o aplicativo do banco s\u00e3o alguns motivos que fazem o usu\u00e1rio procurar o banco, mesmo quando ainda n\u00e3o \u00e9 o dia indicado para fazer o saque. As ag\u00eancias da Caixa Econ\u00f4mica de todo o Brasil abrem duas horas mais cedo a partir desta segunda-feira, dia 4 de maio. O objetivo do banco \u00e9 agilizar o atendimento e evitar grandes filas e aglomera\u00e7\u00e3o de pessoas aptas a receber o aux\u00edlio emergencial de R$ 600 do Governo Federal. Todos os bancos agora passar\u00e3o a funcionar das 8 \u00e0s 14 horas. <\/p>\n\n\n\n<p>A dire\u00e7\u00e3o da Caixa Econ\u00f4mica tamb\u00e9m promete refor\u00e7ar o servi\u00e7o de vigil\u00e2ncia nas ag\u00eancias. Em Fortaleza, a Prefeitura vai disponibilizar equipes nas portas da ag\u00eancia que v\u00e3o atuar na orienta\u00e7\u00e3o dos clientes, mantendo a o distanciamento da fila na parte externa. Tamb\u00e9m haver\u00e1 distribui\u00e7\u00e3o de m\u00e1scaras e \u00e1lcool em gel para quem estiver na fila.<\/p>\n\n\n\n<p><\/p>\n\n\n\n<figure class=\"wp-block-gallery columns-1 is-cropped wp-block-gallery-1 is-layout-flex wp-block-gallery-is-layout-flex\"><ul class=\"blocks-gallery-grid\"><li class=\"blocks-gallery-item\"><figure><img loading=\"lazy\" decoding=\"async\" width=\"739\" height=\"415\" src=\"http:\/\/blogdorogeriogomes.com.br\/wp-content\/uploads\/2020\/05\/images-7.jpeg\" alt=\"\" data-id=\"16550\" data-full-url=\"http:\/\/blogdorogeriogomes.com.br\/wp-content\/uploads\/2020\/05\/images-7.jpeg\" data-link=\"http:\/\/blogdorogeriogomes.com.br\/?attachment_id=16550\" class=\"wp-image-16550\" srcset=\"https:\/\/blogdorogeriogomes.com.br\/noticias\/wp-content\/uploads\/2020\/05\/images-7.jpeg 739w, https:\/\/blogdorogeriogomes.com.br\/noticias\/wp-content\/uploads\/2020\/05\/images-7-300x168.jpeg 300w\" sizes=\"auto, (max-width: 739px) 100vw, 739px\" \/><\/figure><\/li><\/ul><\/figure>\n","protected":false},"excerpt":{"rendered":"<p>O saque do aux\u00edlio emergencial tem causado aglomera\u00e7\u00f5es nas ag\u00eancias da Caixa Econ\u00f4mica de todo o Pa\u00eds. A falta de informa\u00e7\u00f5es e a dificuldade para acessar o aplicativo do banco s\u00e3o alguns motivos que fazem o usu\u00e1rio procurar o banco, mesmo quando ainda n\u00e3o \u00e9 o dia indicado para fazer o saque. As ag\u00eancias da Caixa Econ\u00f4mica de todo o Brasil abrem duas horas mais cedo a partir desta segunda-feira, dia 4 de maio. O objetivo do banco \u00e9&hellip;<\/p>\n","protected":false},"author":1,"featured_media":16550,"comment_status":"open","ping_status":"open","sticky":false,"template":"","format":"standard","meta":{"footnotes":""},"categories":[1],"tags":[],"class_list":["post-16549","post","type-post","status-publish","format-standard","has-post-thumbnail","hentry","category-noticias"],"_links":{"self":[{"href":"https:\/\/blogdorogeriogomes.com.br\/noticias\/wp-json\/wp\/v2\/posts\/16549","targetHints":{"allow":["GET"]}}],"collection":[{"href":"https:\/\/blogdorogeriogomes.com.br\/noticias\/wp-json\/wp\/v2\/posts"}],"about":[{"href":"https:\/\/blogdorogeriogomes.com.br\/noticias\/wp-json\/wp\/v2\/types\/post"}],"author":[{"embeddable":true,"href":"https:\/\/blogdorogeriogomes.com.br\/noticias\/wp-json\/wp\/v2\/users\/1"}],"replies":[{"embeddable":true,"href":"https:\/\/blogdorogeriogomes.com.br\/noticias\/wp-json\/wp\/v2\/comments?post=16549"}],"version-history":[{"count":1,"href":"https:\/\/blogdorogeriogomes.com.br\/noticias\/wp-json\/wp\/v2\/posts\/16549\/revisions"}],"predecessor-version":[{"id":16551,"href":"https:\/\/blogdorogeriogomes.com.br\/noticias\/wp-json\/wp\/v2\/posts\/16549\/revisions\/16551"}],"wp:featuredmedia":[{"embeddable":true,"href":"https:\/\/blogdorogeriogomes.com.br\/noticias\/wp-json\/wp\/v2\/media\/16550"}],"wp:attachment":[{"href":"https:\/\/blogdorogeriogomes.com.br\/noticias\/wp-json\/wp\/v2\/media?parent=16549"}],"wp:term":[{"taxonomy":"category","embeddable":true,"href":"https:\/\/blogdorogeriogomes.com.br\/noticias\/wp-json\/wp\/v2\/categories?post=16549"},{"taxonomy":"post_tag","embeddable":true,"href":"https:\/\/blogdorogeriogomes.com.br\/noticias\/wp-json\/wp\/v2\/tags?post=16549"}],"curies":[{"name":"wp","href":"https:\/\/api.w.org\/{rel}","templated":true}]}}