{"id":16557,"date":"2020-05-04T14:53:02","date_gmt":"2020-05-04T14:53:02","guid":{"rendered":"http:\/\/blogdorogeriogomes.com.br\/?p=16557"},"modified":"2020-05-05T11:51:39","modified_gmt":"2020-05-05T11:51:39","slug":"novo-diretor-geral-da-pf-e-anunciado-por-bolsonaro-e-ja-toma-posse-na-manha-desta-segunda-feira","status":"publish","type":"post","link":"https:\/\/blogdorogeriogomes.com.br\/noticias\/2020\/05\/novo-diretor-geral-da-pf-e-anunciado-por-bolsonaro-e-ja-toma-posse-na-manha-desta-segunda-feira\/","title":{"rendered":"Novo diretor geral da PF \u00e9 anunciado por Bolsonaro e j\u00e1 toma posse na manh\u00e3 desta segunda-feira"},"content":{"rendered":"\n<p>Foi anunciado e j\u00e1 tomou posse, na manh\u00e3 desta segunda-feira, dia 4 de maio, o novo diretor-geral da Pol\u00edcia Federal, Rolando Alexandre de Souza. Ele assinou termo de posse cerca de 30 minutos depois de Jair Bolsonaro confirmar pelo Twitter a nomea\u00e7\u00e3o em decreto no Di\u00e1rio Oficial da Uni\u00e3o (DOU).<\/p>\n\n\n\n<p>Na \u00faltima semana, Bolsonaro chegou a anunciar Alexandre Ramagem para o cargo. Por\u00e9m, antes da cerim\u00f4nia em que o novo diretor tomaria posse, o ministro do STF Alexandre de Moraes barrou, liminarmente, a nomea\u00e7\u00e3o.<\/p>\n\n\n\n<p>Em tempo: pesquisa feita pelo mercado financeiro, atrav\u00e9s da XP\/Ipespe, realizada entre 28 e 30 de abril e divulgada hoje, mostra mais uma queda na avalia\u00e7\u00e3o positiva do Governo Bolsonaro. Entre os eleitores pesquisados, 27% avaliam a atual administra\u00e7\u00e3o como \u00f3tima ou boa, o que corresponde a uma queda de quatro pontos percentuais em rela\u00e7\u00e3o \u00e0 semana anterior. A pesquisa indica que, no mesmo per\u00edodo, subiu de 42% para 49% o grupo dos eleitores que avaliam o governo como ruim ou p\u00e9ssimo. J\u00e1 os que veem a gest\u00e3o como regular somam 24% dos entrevistados.<\/p>\n\n\n\n<p><\/p>\n\n\n\n<p><\/p>\n\n\n\n<figure class=\"wp-block-gallery columns-1 is-cropped wp-block-gallery-1 is-layout-flex wp-block-gallery-is-layout-flex\"><ul class=\"blocks-gallery-grid\"><li class=\"blocks-gallery-item\"><figure><img loading=\"lazy\" decoding=\"async\" width=\"400\" height=\"300\" src=\"http:\/\/blogdorogeriogomes.com.br\/wp-content\/uploads\/2020\/05\/image.jpeg\" alt=\"\" data-id=\"16558\" data-full-url=\"http:\/\/blogdorogeriogomes.com.br\/wp-content\/uploads\/2020\/05\/image.jpeg\" data-link=\"http:\/\/blogdorogeriogomes.com.br\/?attachment_id=16558\" class=\"wp-image-16558\" srcset=\"https:\/\/blogdorogeriogomes.com.br\/noticias\/wp-content\/uploads\/2020\/05\/image.jpeg 400w, https:\/\/blogdorogeriogomes.com.br\/noticias\/wp-content\/uploads\/2020\/05\/image-300x225.jpeg 300w\" sizes=\"auto, (max-width: 400px) 100vw, 400px\" \/><\/figure><\/li><\/ul><\/figure>\n","protected":false},"excerpt":{"rendered":"<p>Foi anunciado e j\u00e1 tomou posse, na manh\u00e3 desta segunda-feira, dia 4 de maio, o novo diretor-geral da Pol\u00edcia Federal, Rolando Alexandre de Souza. Ele assinou termo de posse cerca de 30 minutos depois de Jair Bolsonaro confirmar pelo Twitter a nomea\u00e7\u00e3o em decreto no Di\u00e1rio Oficial da Uni\u00e3o (DOU). Na \u00faltima semana, Bolsonaro chegou a anunciar Alexandre Ramagem para o cargo. Por\u00e9m, antes da cerim\u00f4nia em que o novo diretor tomaria posse, o ministro do STF Alexandre de&hellip;<\/p>\n","protected":false},"author":1,"featured_media":16558,"comment_status":"open","ping_status":"open","sticky":false,"template":"","format":"standard","meta":{"footnotes":""},"categories":[1],"tags":[],"class_list":["post-16557","post","type-post","status-publish","format-standard","has-post-thumbnail","hentry","category-noticias"],"_links":{"self":[{"href":"https:\/\/blogdorogeriogomes.com.br\/noticias\/wp-json\/wp\/v2\/posts\/16557","targetHints":{"allow":["GET"]}}],"collection":[{"href":"https:\/\/blogdorogeriogomes.com.br\/noticias\/wp-json\/wp\/v2\/posts"}],"about":[{"href":"https:\/\/blogdorogeriogomes.com.br\/noticias\/wp-json\/wp\/v2\/types\/post"}],"author":[{"embeddable":true,"href":"https:\/\/blogdorogeriogomes.com.br\/noticias\/wp-json\/wp\/v2\/users\/1"}],"replies":[{"embeddable":true,"href":"https:\/\/blogdorogeriogomes.com.br\/noticias\/wp-json\/wp\/v2\/comments?post=16557"}],"version-history":[{"count":1,"href":"https:\/\/blogdorogeriogomes.com.br\/noticias\/wp-json\/wp\/v2\/posts\/16557\/revisions"}],"predecessor-version":[{"id":16559,"href":"https:\/\/blogdorogeriogomes.com.br\/noticias\/wp-json\/wp\/v2\/posts\/16557\/revisions\/16559"}],"wp:featuredmedia":[{"embeddable":true,"href":"https:\/\/blogdorogeriogomes.com.br\/noticias\/wp-json\/wp\/v2\/media\/16558"}],"wp:attachment":[{"href":"https:\/\/blogdorogeriogomes.com.br\/noticias\/wp-json\/wp\/v2\/media?parent=16557"}],"wp:term":[{"taxonomy":"category","embeddable":true,"href":"https:\/\/blogdorogeriogomes.com.br\/noticias\/wp-json\/wp\/v2\/categories?post=16557"},{"taxonomy":"post_tag","embeddable":true,"href":"https:\/\/blogdorogeriogomes.com.br\/noticias\/wp-json\/wp\/v2\/tags?post=16557"}],"curies":[{"name":"wp","href":"https:\/\/api.w.org\/{rel}","templated":true}]}}