{"id":16563,"date":"2020-05-05T10:58:00","date_gmt":"2020-05-05T10:58:00","guid":{"rendered":"http:\/\/blogdorogeriogomes.com.br\/?p=16563"},"modified":"2020-05-05T11:51:22","modified_gmt":"2020-05-05T11:51:22","slug":"acordo-com-escolas-faz-deputados-estaduais-acertarem-percentual-de-descontos-nas-mensalidades-durante-periodo-da-pandemia","status":"publish","type":"post","link":"https:\/\/blogdorogeriogomes.com.br\/noticias\/2020\/05\/acordo-com-escolas-faz-deputados-estaduais-acertarem-percentual-de-descontos-nas-mensalidades-durante-periodo-da-pandemia\/","title":{"rendered":"Acordo com escolas faz deputados estaduais acertarem percentual de descontos nas mensalidades durante per\u00edodo da pandemia"},"content":{"rendered":"\n<p>Deputados estaduais cearenses protocolaram, nesta segunda-feira, dia 4 de maio, uma subemenda ao projeto de lei de autoria do deputado Nezinho Farias (PDT), que trata sobre a redu\u00e7\u00e3o das mensalidades escolares durante a pandemia. A proposta \u00e9 resultado de um acordo com representantes de entidades escolares e com pais de alunos.<\/p>\n\n\n\n<p>O&nbsp;projeto prev\u00ea a redu\u00e7\u00e3o da mensalidade na rede de ensino privada e a proibi\u00e7\u00e3o de cobran\u00e7a de juros e multas por inadimpl\u00eancia durante o combate ao coronav\u00edrus no Cear\u00e1.<\/p>\n\n\n\n<p>Segundo o l\u00edder do Governo, J\u00falio C\u00e9sar Filho, o texto da subemenda determina que essa redu\u00e7\u00e3o na mensalidade fique entre 15% e 30%, e n\u00e3o mais de 20% a 40%, como apresentado anteriormente em emenda.<\/p>\n\n\n\n<p>Os novos percentuais propostos na subemenda tamb\u00e9m consideram o desconto das mensalidades de acordo com o n\u00edvel de ensino, desde a educa\u00e7\u00e3o infantil ao ensino superior, e estabelece 30% para Educa\u00e7\u00e3o Infantil;&nbsp; 17,5% para Ensino Fundamental I e II; 15% para Ensino m\u00e9dio; 20% para Institui\u00e7\u00f5es de ensino superior com atua\u00e7\u00e3o em cursos presenciais e 15% para semipresenciais e 17,5% para Institui\u00e7\u00f5es de ensino profissional. <\/p>\n\n\n\n<p>Com o objetivo de proteger as pequenas e m\u00e9dias escolas durante a pandemia, a subemenda prev\u00ea que as institui\u00e7\u00f5es de ensino, comprovadamente optantes do simples nacional, que pertencem \u00e0 primeira, segunda, terceira e quarta faixas, ter\u00e3o o desconto reduzido em 2\/3 do percentual proposto. <\/p>\n\n\n\n<p><\/p>\n\n\n\n<p><\/p>\n\n\n\n<figure class=\"wp-block-gallery columns-1 is-cropped wp-block-gallery-1 is-layout-flex wp-block-gallery-is-layout-flex\"><ul class=\"blocks-gallery-grid\"><li class=\"blocks-gallery-item\"><figure><img loading=\"lazy\" decoding=\"async\" width=\"430\" height=\"286\" src=\"http:\/\/blogdorogeriogomes.com.br\/wp-content\/uploads\/2020\/05\/images-10.jpeg\" alt=\"\" data-id=\"16564\" data-full-url=\"http:\/\/blogdorogeriogomes.com.br\/wp-content\/uploads\/2020\/05\/images-10.jpeg\" data-link=\"http:\/\/blogdorogeriogomes.com.br\/?attachment_id=16564\" class=\"wp-image-16564\" srcset=\"https:\/\/blogdorogeriogomes.com.br\/noticias\/wp-content\/uploads\/2020\/05\/images-10.jpeg 430w, https:\/\/blogdorogeriogomes.com.br\/noticias\/wp-content\/uploads\/2020\/05\/images-10-300x200.jpeg 300w\" sizes=\"auto, (max-width: 430px) 100vw, 430px\" \/><\/figure><\/li><\/ul><\/figure>\n","protected":false},"excerpt":{"rendered":"<p>Deputados estaduais cearenses protocolaram, nesta segunda-feira, dia 4 de maio, uma subemenda ao projeto de lei de autoria do deputado Nezinho Farias (PDT), que trata sobre a redu\u00e7\u00e3o das mensalidades escolares durante a pandemia. A proposta \u00e9 resultado de um acordo com representantes de entidades escolares e com pais de alunos. O&nbsp;projeto prev\u00ea a redu\u00e7\u00e3o da mensalidade na rede de ensino privada e a proibi\u00e7\u00e3o de cobran\u00e7a de juros e multas por inadimpl\u00eancia durante o combate ao coronav\u00edrus no&hellip;<\/p>\n","protected":false},"author":1,"featured_media":16564,"comment_status":"open","ping_status":"open","sticky":false,"template":"","format":"standard","meta":{"footnotes":""},"categories":[1],"tags":[],"class_list":["post-16563","post","type-post","status-publish","format-standard","has-post-thumbnail","hentry","category-noticias"],"_links":{"self":[{"href":"https:\/\/blogdorogeriogomes.com.br\/noticias\/wp-json\/wp\/v2\/posts\/16563","targetHints":{"allow":["GET"]}}],"collection":[{"href":"https:\/\/blogdorogeriogomes.com.br\/noticias\/wp-json\/wp\/v2\/posts"}],"about":[{"href":"https:\/\/blogdorogeriogomes.com.br\/noticias\/wp-json\/wp\/v2\/types\/post"}],"author":[{"embeddable":true,"href":"https:\/\/blogdorogeriogomes.com.br\/noticias\/wp-json\/wp\/v2\/users\/1"}],"replies":[{"embeddable":true,"href":"https:\/\/blogdorogeriogomes.com.br\/noticias\/wp-json\/wp\/v2\/comments?post=16563"}],"version-history":[{"count":2,"href":"https:\/\/blogdorogeriogomes.com.br\/noticias\/wp-json\/wp\/v2\/posts\/16563\/revisions"}],"predecessor-version":[{"id":16569,"href":"https:\/\/blogdorogeriogomes.com.br\/noticias\/wp-json\/wp\/v2\/posts\/16563\/revisions\/16569"}],"wp:featuredmedia":[{"embeddable":true,"href":"https:\/\/blogdorogeriogomes.com.br\/noticias\/wp-json\/wp\/v2\/media\/16564"}],"wp:attachment":[{"href":"https:\/\/blogdorogeriogomes.com.br\/noticias\/wp-json\/wp\/v2\/media?parent=16563"}],"wp:term":[{"taxonomy":"category","embeddable":true,"href":"https:\/\/blogdorogeriogomes.com.br\/noticias\/wp-json\/wp\/v2\/categories?post=16563"},{"taxonomy":"post_tag","embeddable":true,"href":"https:\/\/blogdorogeriogomes.com.br\/noticias\/wp-json\/wp\/v2\/tags?post=16563"}],"curies":[{"name":"wp","href":"https:\/\/api.w.org\/{rel}","templated":true}]}}