{"id":16566,"date":"2020-05-05T11:16:02","date_gmt":"2020-05-05T11:16:02","guid":{"rendered":"http:\/\/blogdorogeriogomes.com.br\/?p=16566"},"modified":"2020-05-05T11:51:14","modified_gmt":"2020-05-05T11:51:14","slug":"prefeitura-de-fortaleza-abre-novos-leitos-nas-upas-e-tambem-instala-conteineres-para-colocacao-de-corpos-de-vitimas-da-covid-19","status":"publish","type":"post","link":"https:\/\/blogdorogeriogomes.com.br\/noticias\/2020\/05\/prefeitura-de-fortaleza-abre-novos-leitos-nas-upas-e-tambem-instala-conteineres-para-colocacao-de-corpos-de-vitimas-da-covid-19\/","title":{"rendered":"Prefeitura de Fortaleza abre novos leitos nas UPAs e tamb\u00e9m instala cont\u00eaineres para coloca\u00e7\u00e3o de corpos de v\u00edtimas da Covid-19"},"content":{"rendered":"\n<p>O prefeito de Fortaleza, Roberto Cl\u00e1udio, anunciou a expans\u00e3o de leitos ofertados pelas Unidades de Pronto Atendimento (UPAs) na Capital. Nesta segunda-feira, dia 4 de maio, a UPA do bairro Bom Jardim foi equipada com 10 novas vagas. Ao longo desta semana, as UPAs do Vila Velha e do Edson Queiroz ser\u00e3o contempladas com 10 leitos adicionais cada.<\/p>\n\n\n\n<p>A Prefeitura de Fortaleza tamb\u00e9m instalou cont\u00eaineres de refrigera\u00e7\u00e3o nas UPAs municipais para coloca\u00e7\u00e3o de corpos de pessoas falecidas pelo Covid-19, retirando os mesmos do ambiente hospitalar. A iniciativa \u00e9 uma medida de seguran\u00e7a e preven\u00e7\u00e3o ao aumento da propaga\u00e7\u00e3o do novo coronav\u00edrus na Capital. Segundo a Secretaria de Sa\u00fade do Munic\u00edpio, os equipamentos ser\u00e3o utilizados, caso necess\u00e1rio, para preservar o corpo de pacientes falecidos, at\u00e9 o sepultamento.<\/p>\n\n\n\n<p>Os equipamentos est\u00e3o sendo instalados nas UPAS dos bairros Vila Velha, Cristo Redentor, Bom Jardim, Itaperi e Jangurussu. Cada cont\u00eainer tem capacidade de receber at\u00e9 18 corpos.<\/p>\n\n\n\n<p> <\/p>\n\n\n\n<p><\/p>\n\n\n\n<p><\/p>\n\n\n\n<p><\/p>\n\n\n\n<p><\/p>\n\n\n\n<h5 class=\"wp-block-heading\"><\/h5>\n\n\n\n<p><\/p>\n\n\n\n<hr class=\"wp-block-separator\"\/>\n\n\n\n<figure class=\"wp-block-gallery columns-1 is-cropped wp-block-gallery-1 is-layout-flex wp-block-gallery-is-layout-flex\"><ul class=\"blocks-gallery-grid\"><li class=\"blocks-gallery-item\"><figure><img loading=\"lazy\" decoding=\"async\" width=\"1024\" height=\"683\" src=\"http:\/\/blogdorogeriogomes.com.br\/wp-content\/uploads\/2020\/05\/ASM_0173-1024x683-1.jpg\" alt=\"\" data-id=\"16567\" data-full-url=\"http:\/\/blogdorogeriogomes.com.br\/wp-content\/uploads\/2020\/05\/ASM_0173-1024x683-1.jpg\" data-link=\"http:\/\/blogdorogeriogomes.com.br\/?attachment_id=16567\" class=\"wp-image-16567\" srcset=\"https:\/\/blogdorogeriogomes.com.br\/noticias\/wp-content\/uploads\/2020\/05\/ASM_0173-1024x683-1.jpg 1024w, https:\/\/blogdorogeriogomes.com.br\/noticias\/wp-content\/uploads\/2020\/05\/ASM_0173-1024x683-1-300x200.jpg 300w, https:\/\/blogdorogeriogomes.com.br\/noticias\/wp-content\/uploads\/2020\/05\/ASM_0173-1024x683-1-768x512.jpg 768w, https:\/\/blogdorogeriogomes.com.br\/noticias\/wp-content\/uploads\/2020\/05\/ASM_0173-1024x683-1-800x534.jpg 800w\" sizes=\"auto, (max-width: 1024px) 100vw, 1024px\" \/><\/figure><\/li><\/ul><\/figure>\n","protected":false},"excerpt":{"rendered":"<p>O prefeito de Fortaleza, Roberto Cl\u00e1udio, anunciou a expans\u00e3o de leitos ofertados pelas Unidades de Pronto Atendimento (UPAs) na Capital. Nesta segunda-feira, dia 4 de maio, a UPA do bairro Bom Jardim foi equipada com 10 novas vagas. Ao longo desta semana, as UPAs do Vila Velha e do Edson Queiroz ser\u00e3o contempladas com 10 leitos adicionais cada. A Prefeitura de Fortaleza tamb\u00e9m instalou cont\u00eaineres de refrigera\u00e7\u00e3o nas UPAs municipais para coloca\u00e7\u00e3o de corpos de pessoas falecidas pelo Covid-19,&hellip;<\/p>\n","protected":false},"author":1,"featured_media":16567,"comment_status":"open","ping_status":"open","sticky":false,"template":"","format":"standard","meta":{"footnotes":""},"categories":[1],"tags":[],"class_list":["post-16566","post","type-post","status-publish","format-standard","has-post-thumbnail","hentry","category-noticias"],"_links":{"self":[{"href":"https:\/\/blogdorogeriogomes.com.br\/noticias\/wp-json\/wp\/v2\/posts\/16566","targetHints":{"allow":["GET"]}}],"collection":[{"href":"https:\/\/blogdorogeriogomes.com.br\/noticias\/wp-json\/wp\/v2\/posts"}],"about":[{"href":"https:\/\/blogdorogeriogomes.com.br\/noticias\/wp-json\/wp\/v2\/types\/post"}],"author":[{"embeddable":true,"href":"https:\/\/blogdorogeriogomes.com.br\/noticias\/wp-json\/wp\/v2\/users\/1"}],"replies":[{"embeddable":true,"href":"https:\/\/blogdorogeriogomes.com.br\/noticias\/wp-json\/wp\/v2\/comments?post=16566"}],"version-history":[{"count":1,"href":"https:\/\/blogdorogeriogomes.com.br\/noticias\/wp-json\/wp\/v2\/posts\/16566\/revisions"}],"predecessor-version":[{"id":16568,"href":"https:\/\/blogdorogeriogomes.com.br\/noticias\/wp-json\/wp\/v2\/posts\/16566\/revisions\/16568"}],"wp:featuredmedia":[{"embeddable":true,"href":"https:\/\/blogdorogeriogomes.com.br\/noticias\/wp-json\/wp\/v2\/media\/16567"}],"wp:attachment":[{"href":"https:\/\/blogdorogeriogomes.com.br\/noticias\/wp-json\/wp\/v2\/media?parent=16566"}],"wp:term":[{"taxonomy":"category","embeddable":true,"href":"https:\/\/blogdorogeriogomes.com.br\/noticias\/wp-json\/wp\/v2\/categories?post=16566"},{"taxonomy":"post_tag","embeddable":true,"href":"https:\/\/blogdorogeriogomes.com.br\/noticias\/wp-json\/wp\/v2\/tags?post=16566"}],"curies":[{"name":"wp","href":"https:\/\/api.w.org\/{rel}","templated":true}]}}