{"id":16571,"date":"2020-05-05T15:55:00","date_gmt":"2020-05-05T15:55:00","guid":{"rendered":"http:\/\/blogdorogeriogomes.com.br\/?p=16571"},"modified":"2020-05-06T13:25:50","modified_gmt":"2020-05-06T13:25:50","slug":"camilo-santana-prorroga-decreto-da-quarentena-ate-20-de-maio-com-uso-obrigatorio-de-mascaras-pela-populacao","status":"publish","type":"post","link":"https:\/\/blogdorogeriogomes.com.br\/noticias\/2020\/05\/camilo-santana-prorroga-decreto-da-quarentena-ate-20-de-maio-com-uso-obrigatorio-de-mascaras-pela-populacao\/","title":{"rendered":"Camilo Santana prorroga decreto da quarentena at\u00e9 20 de maio com uso obrigat\u00f3rio de m\u00e1scaras pela popula\u00e7\u00e3o"},"content":{"rendered":"\n<p>O decreto governamental de quarentena no Cear\u00e1 foi renovado at\u00e9 o pr\u00f3ximo dia 20 de maio. E o governador Camilo Santana anunciou medidas mais restritivas para garantir seguran\u00e7a \u00e0 sa\u00fade da popula\u00e7\u00e3o e a redu\u00e7\u00e3o da possibilidade de dissemina\u00e7\u00e3o do coronav\u00edrus. Fica obrigat\u00f3rio o uso de m\u00e1scaras pelas pessoas precisem sair de casa em todo o Cear\u00e1. &#8220;Este n\u00e3o \u00e9 o momento para flexibilizar. \u00c9 de ampliar ainda mais as medidas restritivas diante dos n\u00fameros que nos foram apresentados&#8221;, ressaltou Camilo Santana. O Cear\u00e1 tem 733 \u00f3bitos e 11.256 casos confirmados at\u00e9 esta ter\u00e7a-feira pela manh\u00e3, segundo a Secretaria de Sa\u00fade do Estado.<\/p>\n\n\n\n<figure class=\"wp-block-gallery columns-1 is-cropped wp-block-gallery-1 is-layout-flex wp-block-gallery-is-layout-flex\"><ul class=\"blocks-gallery-grid\"><li class=\"blocks-gallery-item\"><figure><img loading=\"lazy\" decoding=\"async\" width=\"984\" height=\"679\" src=\"http:\/\/blogdorogeriogomes.com.br\/wp-content\/uploads\/2020\/05\/ap20058748749580.jpg\" alt=\"\" data-id=\"16572\" data-full-url=\"http:\/\/blogdorogeriogomes.com.br\/wp-content\/uploads\/2020\/05\/ap20058748749580.jpg\" data-link=\"http:\/\/blogdorogeriogomes.com.br\/?attachment_id=16572\" class=\"wp-image-16572\" srcset=\"https:\/\/blogdorogeriogomes.com.br\/noticias\/wp-content\/uploads\/2020\/05\/ap20058748749580.jpg 984w, https:\/\/blogdorogeriogomes.com.br\/noticias\/wp-content\/uploads\/2020\/05\/ap20058748749580-300x207.jpg 300w, https:\/\/blogdorogeriogomes.com.br\/noticias\/wp-content\/uploads\/2020\/05\/ap20058748749580-768x530.jpg 768w, https:\/\/blogdorogeriogomes.com.br\/noticias\/wp-content\/uploads\/2020\/05\/ap20058748749580-800x552.jpg 800w\" sizes=\"auto, (max-width: 984px) 100vw, 984px\" \/><\/figure><\/li><\/ul><\/figure>\n\n\n\n<p>A prorroga\u00e7\u00e3o da quarentena foi anunciada nesta ter\u00e7a-feira, dia 5 de maio, em entrevista coletiva do governador Camilo Santana ao lado do prefeito de Fortaleza, Roberto Cl\u00e1udio, no Pal\u00e1cio da Aboli\u00e7\u00e3o. A Capital lidera no n\u00famero de casos e mortes por Covid-19. Por isso, Fortaleza deve seguir regras ainda mais r\u00edgidas para diminuir a circula\u00e7\u00e3o de pessoas nas ruas. Manter o isolamento social \u00e9 fundamental.<\/p>\n\n\n\n<p>Entre as medidas anunciadas por Roberto Cl\u00e1udio est\u00e3o a restri\u00e7\u00e3o de pessoas e ve\u00edculos em vias e espa\u00e7os p\u00fablicos, principalmente de pessoas de grupo de risco; fazer valer o fechamento de atividades n\u00e3o essenciais, formais e informais, nos bairros da Capital; novos protocolos de seguran\u00e7a no funcionamento das atividades essenciais e uso de \u00f3rg\u00e3os como Pol\u00edcia Militar, Guarda Municipal, Bombeiros para fiscalizar as entradas e sa\u00eddas de Fortaleza, quanto a circula\u00e7\u00e3o de ve\u00edculos.<\/p>\n\n\n\n<p><\/p>\n","protected":false},"excerpt":{"rendered":"<p>O decreto governamental de quarentena no Cear\u00e1 foi renovado at\u00e9 o pr\u00f3ximo dia 20 de maio. E o governador Camilo Santana anunciou medidas mais restritivas para garantir seguran\u00e7a \u00e0 sa\u00fade da popula\u00e7\u00e3o e a redu\u00e7\u00e3o da possibilidade de dissemina\u00e7\u00e3o do coronav\u00edrus. Fica obrigat\u00f3rio o uso de m\u00e1scaras pelas pessoas precisem sair de casa em todo o Cear\u00e1. &#8220;Este n\u00e3o \u00e9 o momento para flexibilizar. \u00c9 de ampliar ainda mais as medidas restritivas diante dos n\u00fameros que nos foram apresentados&#8221;,&hellip;<\/p>\n","protected":false},"author":1,"featured_media":16572,"comment_status":"open","ping_status":"open","sticky":false,"template":"","format":"standard","meta":{"footnotes":""},"categories":[1],"tags":[],"class_list":["post-16571","post","type-post","status-publish","format-standard","has-post-thumbnail","hentry","category-noticias"],"_links":{"self":[{"href":"https:\/\/blogdorogeriogomes.com.br\/noticias\/wp-json\/wp\/v2\/posts\/16571","targetHints":{"allow":["GET"]}}],"collection":[{"href":"https:\/\/blogdorogeriogomes.com.br\/noticias\/wp-json\/wp\/v2\/posts"}],"about":[{"href":"https:\/\/blogdorogeriogomes.com.br\/noticias\/wp-json\/wp\/v2\/types\/post"}],"author":[{"embeddable":true,"href":"https:\/\/blogdorogeriogomes.com.br\/noticias\/wp-json\/wp\/v2\/users\/1"}],"replies":[{"embeddable":true,"href":"https:\/\/blogdorogeriogomes.com.br\/noticias\/wp-json\/wp\/v2\/comments?post=16571"}],"version-history":[{"count":1,"href":"https:\/\/blogdorogeriogomes.com.br\/noticias\/wp-json\/wp\/v2\/posts\/16571\/revisions"}],"predecessor-version":[{"id":16573,"href":"https:\/\/blogdorogeriogomes.com.br\/noticias\/wp-json\/wp\/v2\/posts\/16571\/revisions\/16573"}],"wp:featuredmedia":[{"embeddable":true,"href":"https:\/\/blogdorogeriogomes.com.br\/noticias\/wp-json\/wp\/v2\/media\/16572"}],"wp:attachment":[{"href":"https:\/\/blogdorogeriogomes.com.br\/noticias\/wp-json\/wp\/v2\/media?parent=16571"}],"wp:term":[{"taxonomy":"category","embeddable":true,"href":"https:\/\/blogdorogeriogomes.com.br\/noticias\/wp-json\/wp\/v2\/categories?post=16571"},{"taxonomy":"post_tag","embeddable":true,"href":"https:\/\/blogdorogeriogomes.com.br\/noticias\/wp-json\/wp\/v2\/tags?post=16571"}],"curies":[{"name":"wp","href":"https:\/\/api.w.org\/{rel}","templated":true}]}}