{"id":16578,"date":"2020-05-06T11:11:49","date_gmt":"2020-05-06T11:11:49","guid":{"rendered":"http:\/\/blogdorogeriogomes.com.br\/?p=16578"},"modified":"2020-05-06T13:24:57","modified_gmt":"2020-05-06T13:24:57","slug":"ministro-celso-de-mello-autoriza-convocacao-de-ministros-de-bolsonaro-para-prestar-depoimento-no-caso-da-interferencia-na-policia-federal","status":"publish","type":"post","link":"https:\/\/blogdorogeriogomes.com.br\/noticias\/2020\/05\/ministro-celso-de-mello-autoriza-convocacao-de-ministros-de-bolsonaro-para-prestar-depoimento-no-caso-da-interferencia-na-policia-federal\/","title":{"rendered":"Ministro Celso de Mello autoriza convoca\u00e7\u00e3o de ministros de Bolsonaro para prestar depoimento no caso da interfer\u00eancia na Pol\u00edcia Federal"},"content":{"rendered":"\n<p>O ministro Celso de Mello, do Supremo Tribunal Federal, aceitou pedido da Procuradoria-Geral da Rep\u00fablica e autorizou a convoca\u00e7\u00e3o de tr\u00eas ministros do governo Bolsonaro para prestarem depoimentos na investiga\u00e7\u00e3o sobre as acusa\u00e7\u00f5es de Sergio Moro contra o presidente. <\/p>\n\n\n\n<p>Celso de Mello convocou para depor Luiz Eduardo Ramos, da Secretaria de governo, Augusto Heleno, do Gabinete de Seguran\u00e7a Institucional, e Braga Neto, da Casa Civil. Eles ter\u00e3o de cumprir a decis\u00e3o em at\u00e9 cinco dias ap\u00f3s a intima\u00e7\u00e3o. Caso n\u00e3o compare\u00e7am, poder\u00e3o ser conduzidos de forma coercitiva.<\/p>\n\n\n\n<p>A revela\u00e7\u00e3o do conte\u00fado do depoimento de Moro \u00e0 Pol\u00edcia Federal, no s\u00e1bado passado, em Curitiba, n\u00e3o acrescentou nada ao que j\u00e1 se conhecia das acusa\u00e7\u00f5es feitas contra Bolsonaro.<\/p>\n\n\n\n<p>O ministro Celso de Mello determinou ainda que o Pal\u00e1cio do Planalto que entregue em 72 horas as imagens e \u00e1udios da reuni\u00e3o realizada em 22 de abril entre Jair Bolsonaro, ministros e presidentes de bancos estatais. Neste encontro, S\u00e9rgio Moro disse que Bolsonaro reafirmou amea\u00e7as de demiss\u00e3o contra ele, o diretor geral da PF e do superintendente da PF no Rio de Janeiro, caso n\u00e3o permitisse interfer\u00eancias na institui\u00e7\u00e3o.<\/p>\n\n\n\n<p><\/p>\n\n\n\n<p><\/p>\n\n\n\n<figure class=\"wp-block-gallery columns-1 is-cropped wp-block-gallery-1 is-layout-flex wp-block-gallery-is-layout-flex\"><ul class=\"blocks-gallery-grid\"><li class=\"blocks-gallery-item\"><figure><img loading=\"lazy\" decoding=\"async\" width=\"678\" height=\"452\" src=\"http:\/\/blogdorogeriogomes.com.br\/wp-content\/uploads\/2020\/05\/images-1-1.jpeg\" alt=\"\" data-id=\"16579\" data-full-url=\"http:\/\/blogdorogeriogomes.com.br\/wp-content\/uploads\/2020\/05\/images-1-1.jpeg\" data-link=\"http:\/\/blogdorogeriogomes.com.br\/?attachment_id=16579\" class=\"wp-image-16579\" srcset=\"https:\/\/blogdorogeriogomes.com.br\/noticias\/wp-content\/uploads\/2020\/05\/images-1-1.jpeg 678w, https:\/\/blogdorogeriogomes.com.br\/noticias\/wp-content\/uploads\/2020\/05\/images-1-1-300x200.jpeg 300w\" sizes=\"auto, (max-width: 678px) 100vw, 678px\" \/><\/figure><\/li><\/ul><\/figure>\n","protected":false},"excerpt":{"rendered":"<p>O ministro Celso de Mello, do Supremo Tribunal Federal, aceitou pedido da Procuradoria-Geral da Rep\u00fablica e autorizou a convoca\u00e7\u00e3o de tr\u00eas ministros do governo Bolsonaro para prestarem depoimentos na investiga\u00e7\u00e3o sobre as acusa\u00e7\u00f5es de Sergio Moro contra o presidente. Celso de Mello convocou para depor Luiz Eduardo Ramos, da Secretaria de governo, Augusto Heleno, do Gabinete de Seguran\u00e7a Institucional, e Braga Neto, da Casa Civil. Eles ter\u00e3o de cumprir a decis\u00e3o em at\u00e9 cinco dias ap\u00f3s a intima\u00e7\u00e3o. Caso&hellip;<\/p>\n","protected":false},"author":1,"featured_media":16579,"comment_status":"open","ping_status":"open","sticky":false,"template":"","format":"standard","meta":{"footnotes":""},"categories":[1],"tags":[],"class_list":["post-16578","post","type-post","status-publish","format-standard","has-post-thumbnail","hentry","category-noticias"],"_links":{"self":[{"href":"https:\/\/blogdorogeriogomes.com.br\/noticias\/wp-json\/wp\/v2\/posts\/16578","targetHints":{"allow":["GET"]}}],"collection":[{"href":"https:\/\/blogdorogeriogomes.com.br\/noticias\/wp-json\/wp\/v2\/posts"}],"about":[{"href":"https:\/\/blogdorogeriogomes.com.br\/noticias\/wp-json\/wp\/v2\/types\/post"}],"author":[{"embeddable":true,"href":"https:\/\/blogdorogeriogomes.com.br\/noticias\/wp-json\/wp\/v2\/users\/1"}],"replies":[{"embeddable":true,"href":"https:\/\/blogdorogeriogomes.com.br\/noticias\/wp-json\/wp\/v2\/comments?post=16578"}],"version-history":[{"count":1,"href":"https:\/\/blogdorogeriogomes.com.br\/noticias\/wp-json\/wp\/v2\/posts\/16578\/revisions"}],"predecessor-version":[{"id":16580,"href":"https:\/\/blogdorogeriogomes.com.br\/noticias\/wp-json\/wp\/v2\/posts\/16578\/revisions\/16580"}],"wp:featuredmedia":[{"embeddable":true,"href":"https:\/\/blogdorogeriogomes.com.br\/noticias\/wp-json\/wp\/v2\/media\/16579"}],"wp:attachment":[{"href":"https:\/\/blogdorogeriogomes.com.br\/noticias\/wp-json\/wp\/v2\/media?parent=16578"}],"wp:term":[{"taxonomy":"category","embeddable":true,"href":"https:\/\/blogdorogeriogomes.com.br\/noticias\/wp-json\/wp\/v2\/categories?post=16578"},{"taxonomy":"post_tag","embeddable":true,"href":"https:\/\/blogdorogeriogomes.com.br\/noticias\/wp-json\/wp\/v2\/tags?post=16578"}],"curies":[{"name":"wp","href":"https:\/\/api.w.org\/{rel}","templated":true}]}}