{"id":16581,"date":"2020-05-06T11:57:41","date_gmt":"2020-05-06T11:57:41","guid":{"rendered":"http:\/\/blogdorogeriogomes.com.br\/?p=16581"},"modified":"2020-05-06T13:24:47","modified_gmt":"2020-05-06T13:24:47","slug":"entradas-e-saidas-de-fortaleza-passam-a-ser-monitoradas-circulacao-so-em-caso-de-emergencia","status":"publish","type":"post","link":"https:\/\/blogdorogeriogomes.com.br\/noticias\/2020\/05\/entradas-e-saidas-de-fortaleza-passam-a-ser-monitoradas-circulacao-so-em-caso-de-emergencia\/","title":{"rendered":"Entradas e sa\u00eddas de Fortaleza passam a ser monitoradas. Circula\u00e7\u00e3o s\u00f3 em caso de emerg\u00eancia"},"content":{"rendered":"\n<p>Fortaleza lidera nas mortes e nos casos confirmados de coronav\u00edrus no Estado. A Capital concentra 8.509 casos confirmados e tem tamb\u00e9m 608 \u00f3bitos.&nbsp;Com isso, prefeitos de munic\u00edpios do interior cearense mostram preocupa\u00e7\u00e3o com a circula\u00e7\u00e3o de pessoas de Fortaleza para o interior e vice-versa. Desde o in\u00edcio da quarentena, o transporte de passageiros intermunicipal est\u00e1 suspenso. Mas ainda \u00e9 comum ver pessoas que moram em Fortaleza viajando para suas cidades de origem.<\/p>\n\n\n\n<p>No novo decreto governamental anunciado pelo Camilo Santana e tamb\u00e9m pelo prefeito de Fortaleza, Roberto Cl\u00e1udio, a sa\u00edda e entrada de Fortaleza passam a ser controladas por autoridades policiais e de tr\u00e2nsito. S\u00f3 pode deixar o limite urbano da Capital quando a pessoa, comprovadamente, mostrar a necessidade urgente. Os motivos passam pela assist\u00eancia de sa\u00fade de pessoas, realiza\u00e7\u00e3o de atividades profissionais e transporte de carga.<\/p>\n\n\n\n<p>O presidente da Associa\u00e7\u00e3o dos Prefeitos do Cear\u00e1 (Aprece), Nilson Diniz, ressalta a import\u00e2ncia do cumprimento irrestrito do decreto estadual por parte de todos os munic\u00edpios cearenses. \u201c\u00c9 fundamental que os gestores acatem todas as novas medidas, de modo que possamos garantir o maior controle poss\u00edvel da dissemina\u00e7\u00e3o da Covid-19 em todo o Cear\u00e1\u201d, disse.<\/p>\n\n\n\n<figure class=\"wp-block-gallery columns-1 is-cropped wp-block-gallery-1 is-layout-flex wp-block-gallery-is-layout-flex\"><ul class=\"blocks-gallery-grid\"><li class=\"blocks-gallery-item\"><figure><img loading=\"lazy\" decoding=\"async\" width=\"1024\" height=\"683\" src=\"http:\/\/blogdorogeriogomes.com.br\/wp-content\/uploads\/2020\/05\/IMG_20200505_165624_440-1024x683.jpg\" alt=\"\" data-id=\"16582\" data-full-url=\"http:\/\/blogdorogeriogomes.com.br\/wp-content\/uploads\/2020\/05\/IMG_20200505_165624_440.jpg\" data-link=\"http:\/\/blogdorogeriogomes.com.br\/?attachment_id=16582\" class=\"wp-image-16582\" srcset=\"https:\/\/blogdorogeriogomes.com.br\/noticias\/wp-content\/uploads\/2020\/05\/IMG_20200505_165624_440-1024x683.jpg 1024w, https:\/\/blogdorogeriogomes.com.br\/noticias\/wp-content\/uploads\/2020\/05\/IMG_20200505_165624_440-300x200.jpg 300w, https:\/\/blogdorogeriogomes.com.br\/noticias\/wp-content\/uploads\/2020\/05\/IMG_20200505_165624_440-768x512.jpg 768w, https:\/\/blogdorogeriogomes.com.br\/noticias\/wp-content\/uploads\/2020\/05\/IMG_20200505_165624_440-800x534.jpg 800w, https:\/\/blogdorogeriogomes.com.br\/noticias\/wp-content\/uploads\/2020\/05\/IMG_20200505_165624_440.jpg 1280w\" sizes=\"auto, (max-width: 1024px) 100vw, 1024px\" \/><\/figure><\/li><\/ul><\/figure>\n","protected":false},"excerpt":{"rendered":"<p>Fortaleza lidera nas mortes e nos casos confirmados de coronav\u00edrus no Estado. A Capital concentra 8.509 casos confirmados e tem tamb\u00e9m 608 \u00f3bitos.&nbsp;Com isso, prefeitos de munic\u00edpios do interior cearense mostram preocupa\u00e7\u00e3o com a circula\u00e7\u00e3o de pessoas de Fortaleza para o interior e vice-versa. Desde o in\u00edcio da quarentena, o transporte de passageiros intermunicipal est\u00e1 suspenso. Mas ainda \u00e9 comum ver pessoas que moram em Fortaleza viajando para suas cidades de origem. No novo decreto governamental anunciado pelo Camilo&hellip;<\/p>\n","protected":false},"author":1,"featured_media":16582,"comment_status":"open","ping_status":"open","sticky":false,"template":"","format":"standard","meta":{"footnotes":""},"categories":[1],"tags":[],"class_list":["post-16581","post","type-post","status-publish","format-standard","has-post-thumbnail","hentry","category-noticias"],"_links":{"self":[{"href":"https:\/\/blogdorogeriogomes.com.br\/noticias\/wp-json\/wp\/v2\/posts\/16581","targetHints":{"allow":["GET"]}}],"collection":[{"href":"https:\/\/blogdorogeriogomes.com.br\/noticias\/wp-json\/wp\/v2\/posts"}],"about":[{"href":"https:\/\/blogdorogeriogomes.com.br\/noticias\/wp-json\/wp\/v2\/types\/post"}],"author":[{"embeddable":true,"href":"https:\/\/blogdorogeriogomes.com.br\/noticias\/wp-json\/wp\/v2\/users\/1"}],"replies":[{"embeddable":true,"href":"https:\/\/blogdorogeriogomes.com.br\/noticias\/wp-json\/wp\/v2\/comments?post=16581"}],"version-history":[{"count":2,"href":"https:\/\/blogdorogeriogomes.com.br\/noticias\/wp-json\/wp\/v2\/posts\/16581\/revisions"}],"predecessor-version":[{"id":16584,"href":"https:\/\/blogdorogeriogomes.com.br\/noticias\/wp-json\/wp\/v2\/posts\/16581\/revisions\/16584"}],"wp:featuredmedia":[{"embeddable":true,"href":"https:\/\/blogdorogeriogomes.com.br\/noticias\/wp-json\/wp\/v2\/media\/16582"}],"wp:attachment":[{"href":"https:\/\/blogdorogeriogomes.com.br\/noticias\/wp-json\/wp\/v2\/media?parent=16581"}],"wp:term":[{"taxonomy":"category","embeddable":true,"href":"https:\/\/blogdorogeriogomes.com.br\/noticias\/wp-json\/wp\/v2\/categories?post=16581"},{"taxonomy":"post_tag","embeddable":true,"href":"https:\/\/blogdorogeriogomes.com.br\/noticias\/wp-json\/wp\/v2\/tags?post=16581"}],"curies":[{"name":"wp","href":"https:\/\/api.w.org\/{rel}","templated":true}]}}