{"id":16588,"date":"2020-05-06T23:27:00","date_gmt":"2020-05-06T23:27:00","guid":{"rendered":"http:\/\/blogdorogeriogomes.com.br\/?p=16588"},"modified":"2020-05-07T12:24:32","modified_gmt":"2020-05-07T12:24:32","slug":"brasil-bate-mais-um-recorde-de-mortes-por-covid-19-nas-ultimas-24-horas-no-ceara-casos-continuam-em-alta","status":"publish","type":"post","link":"https:\/\/blogdorogeriogomes.com.br\/noticias\/2020\/05\/brasil-bate-mais-um-recorde-de-mortes-por-covid-19-nas-ultimas-24-horas-no-ceara-casos-continuam-em-alta\/","title":{"rendered":"Brasil bate mais um recorde de mortes por Covid-19 nas \u00faltimas 24 horas. No Cear\u00e1, casos continuam em alta"},"content":{"rendered":"\n<p>O Minist\u00e9rio da Sa\u00fade anunciou nesta quarta-feira, dia 6 de maio, que o Brasil registrou 8.536 mortes pelo novo coronav\u00edrus. Em 24 horas, o Governo Federal contabiliza 615 \u00f3bitos por Covid-19, maior n\u00famero registrado no per\u00edodo desde o in\u00edcio da pandemia. No total, o Pa\u00eds alcan\u00e7ou 125.096 casos oficiais. 51.370 pacientes j\u00e1 se recuperaram.<\/p>\n\n\n\n<p>O pico da contamina\u00e7\u00e3o da Covid-19 deve ocorrer entre maio e julho, segundo estimativa do secret\u00e1rio nacional de Vigil\u00e2ncia em Sa\u00fade, Wanderson de Oliveira. <\/p>\n\n\n\n<figure class=\"wp-block-gallery columns-1 is-cropped wp-block-gallery-1 is-layout-flex wp-block-gallery-is-layout-flex\"><ul class=\"blocks-gallery-grid\"><li class=\"blocks-gallery-item\"><figure><img loading=\"lazy\" decoding=\"async\" width=\"678\" height=\"452\" src=\"http:\/\/blogdorogeriogomes.com.br\/wp-content\/uploads\/2020\/05\/images-2-1.jpeg\" alt=\"\" data-id=\"16589\" data-full-url=\"http:\/\/blogdorogeriogomes.com.br\/wp-content\/uploads\/2020\/05\/images-2-1.jpeg\" data-link=\"http:\/\/blogdorogeriogomes.com.br\/?attachment_id=16589\" class=\"wp-image-16589\" srcset=\"https:\/\/blogdorogeriogomes.com.br\/noticias\/wp-content\/uploads\/2020\/05\/images-2-1.jpeg 678w, https:\/\/blogdorogeriogomes.com.br\/noticias\/wp-content\/uploads\/2020\/05\/images-2-1-300x200.jpeg 300w\" sizes=\"auto, (max-width: 678px) 100vw, 678px\" \/><\/figure><\/li><\/ul><\/figure>\n\n\n\n<p>No Cear\u00e1, com a decreta\u00e7\u00e3o de regras mais r\u00edgidas para manter o isolamento social, a Covid-19 j\u00e1 est\u00e1 presente em 163 munic\u00edpios. Os casos confirmados somam 12.310 e foram registradas 849&nbsp;mortes, segundo boletim oficial da Secretaria de Sa\u00fade do Estado, divulgado no in\u00edcio da noite desta quarta-feira, dia 6. A taxa de letalidade por coronav\u00edrus \u00e9 de&nbsp;6,9%.<\/p>\n","protected":false},"excerpt":{"rendered":"<p>O Minist\u00e9rio da Sa\u00fade anunciou nesta quarta-feira, dia 6 de maio, que o Brasil registrou 8.536 mortes pelo novo coronav\u00edrus. Em 24 horas, o Governo Federal contabiliza 615 \u00f3bitos por Covid-19, maior n\u00famero registrado no per\u00edodo desde o in\u00edcio da pandemia. No total, o Pa\u00eds alcan\u00e7ou 125.096 casos oficiais. 51.370 pacientes j\u00e1 se recuperaram. O pico da contamina\u00e7\u00e3o da Covid-19 deve ocorrer entre maio e julho, segundo estimativa do secret\u00e1rio nacional de Vigil\u00e2ncia em Sa\u00fade, Wanderson de Oliveira. No&hellip;<\/p>\n","protected":false},"author":1,"featured_media":16589,"comment_status":"open","ping_status":"open","sticky":false,"template":"","format":"standard","meta":{"footnotes":""},"categories":[1],"tags":[],"class_list":["post-16588","post","type-post","status-publish","format-standard","has-post-thumbnail","hentry","category-noticias"],"_links":{"self":[{"href":"https:\/\/blogdorogeriogomes.com.br\/noticias\/wp-json\/wp\/v2\/posts\/16588","targetHints":{"allow":["GET"]}}],"collection":[{"href":"https:\/\/blogdorogeriogomes.com.br\/noticias\/wp-json\/wp\/v2\/posts"}],"about":[{"href":"https:\/\/blogdorogeriogomes.com.br\/noticias\/wp-json\/wp\/v2\/types\/post"}],"author":[{"embeddable":true,"href":"https:\/\/blogdorogeriogomes.com.br\/noticias\/wp-json\/wp\/v2\/users\/1"}],"replies":[{"embeddable":true,"href":"https:\/\/blogdorogeriogomes.com.br\/noticias\/wp-json\/wp\/v2\/comments?post=16588"}],"version-history":[{"count":2,"href":"https:\/\/blogdorogeriogomes.com.br\/noticias\/wp-json\/wp\/v2\/posts\/16588\/revisions"}],"predecessor-version":[{"id":16591,"href":"https:\/\/blogdorogeriogomes.com.br\/noticias\/wp-json\/wp\/v2\/posts\/16588\/revisions\/16591"}],"wp:featuredmedia":[{"embeddable":true,"href":"https:\/\/blogdorogeriogomes.com.br\/noticias\/wp-json\/wp\/v2\/media\/16589"}],"wp:attachment":[{"href":"https:\/\/blogdorogeriogomes.com.br\/noticias\/wp-json\/wp\/v2\/media?parent=16588"}],"wp:term":[{"taxonomy":"category","embeddable":true,"href":"https:\/\/blogdorogeriogomes.com.br\/noticias\/wp-json\/wp\/v2\/categories?post=16588"},{"taxonomy":"post_tag","embeddable":true,"href":"https:\/\/blogdorogeriogomes.com.br\/noticias\/wp-json\/wp\/v2\/tags?post=16588"}],"curies":[{"name":"wp","href":"https:\/\/api.w.org\/{rel}","templated":true}]}}