{"id":16592,"date":"2020-05-07T11:03:39","date_gmt":"2020-05-07T11:03:39","guid":{"rendered":"http:\/\/blogdorogeriogomes.com.br\/?p=16592"},"modified":"2020-05-07T12:23:55","modified_gmt":"2020-05-07T12:23:55","slug":"rede-hospitalar-privada-em-fortaleza-ja-mostra-colapso-no-atendimento-de-pacientes-com-a-covid-19","status":"publish","type":"post","link":"https:\/\/blogdorogeriogomes.com.br\/noticias\/2020\/05\/rede-hospitalar-privada-em-fortaleza-ja-mostra-colapso-no-atendimento-de-pacientes-com-a-covid-19\/","title":{"rendered":"Rede hospitalar privada em Fortaleza j\u00e1 mostra colapso no atendimento de pacientes com a Covid-19"},"content":{"rendered":"\n<p>A rede p\u00fablica de sa\u00fade em Fortaleza tem hoje cerca de 97,1% dos leitos de UTI ocupados. Governo do Estado e Prefeitura v\u00eam buscando ampliar o n\u00famero de leitos, mas a quantidade de pacientes com coronav\u00edrus tem aumentado em velocidade maior. Agora, \u00e9 a rede hospitalar privada da Capital que come\u00e7a a apresentar situa\u00e7\u00e3o de colapso.<\/p>\n\n\n\n<figure class=\"wp-block-gallery columns-1 is-cropped wp-block-gallery-1 is-layout-flex wp-block-gallery-is-layout-flex\"><ul class=\"blocks-gallery-grid\"><li class=\"blocks-gallery-item\"><figure><img loading=\"lazy\" decoding=\"async\" width=\"678\" height=\"452\" src=\"http:\/\/blogdorogeriogomes.com.br\/wp-content\/uploads\/2020\/05\/images-3-1.jpeg\" alt=\"\" data-id=\"16593\" data-full-url=\"http:\/\/blogdorogeriogomes.com.br\/wp-content\/uploads\/2020\/05\/images-3-1.jpeg\" data-link=\"http:\/\/blogdorogeriogomes.com.br\/?attachment_id=16593\" class=\"wp-image-16593\" srcset=\"https:\/\/blogdorogeriogomes.com.br\/noticias\/wp-content\/uploads\/2020\/05\/images-3-1.jpeg 678w, https:\/\/blogdorogeriogomes.com.br\/noticias\/wp-content\/uploads\/2020\/05\/images-3-1-300x200.jpeg 300w\" sizes=\"auto, (max-width: 678px) 100vw, 678px\" \/><\/figure><\/li><\/ul><\/figure>\n\n\n\n<p>Quatro hospitais particulares de Fortaleza revelam que est\u00e3o com a capacidade de atendimentos de urg\u00eancia e emerg\u00eancia esgotados. Os hospitais S\u00e3o Mateus e S\u00e3o Carlos comunicaram estar com lota\u00e7\u00e3o total dos leitos.&nbsp;Uniclinic e G\u00eanesis tamb\u00e9m dizem n\u00e3o ter mais condi\u00e7\u00f5es para atendimentos nos setores de urg\u00eancia e emerg\u00eancia. No Hospital S\u00e3o Carlos, tamb\u00e9m h\u00e1 informa\u00e7\u00f5es de falta de vagas para atendimento ou interna\u00e7\u00e3o em enfermaria, apartamento ou UTI.<\/p>\n","protected":false},"excerpt":{"rendered":"<p>A rede p\u00fablica de sa\u00fade em Fortaleza tem hoje cerca de 97,1% dos leitos de UTI ocupados. Governo do Estado e Prefeitura v\u00eam buscando ampliar o n\u00famero de leitos, mas a quantidade de pacientes com coronav\u00edrus tem aumentado em velocidade maior. Agora, \u00e9 a rede hospitalar privada da Capital que come\u00e7a a apresentar situa\u00e7\u00e3o de colapso. Quatro hospitais particulares de Fortaleza revelam que est\u00e3o com a capacidade de atendimentos de urg\u00eancia e emerg\u00eancia esgotados. Os hospitais S\u00e3o Mateus e&hellip;<\/p>\n","protected":false},"author":1,"featured_media":16593,"comment_status":"open","ping_status":"open","sticky":false,"template":"","format":"standard","meta":{"footnotes":""},"categories":[1],"tags":[],"class_list":["post-16592","post","type-post","status-publish","format-standard","has-post-thumbnail","hentry","category-noticias"],"_links":{"self":[{"href":"https:\/\/blogdorogeriogomes.com.br\/noticias\/wp-json\/wp\/v2\/posts\/16592","targetHints":{"allow":["GET"]}}],"collection":[{"href":"https:\/\/blogdorogeriogomes.com.br\/noticias\/wp-json\/wp\/v2\/posts"}],"about":[{"href":"https:\/\/blogdorogeriogomes.com.br\/noticias\/wp-json\/wp\/v2\/types\/post"}],"author":[{"embeddable":true,"href":"https:\/\/blogdorogeriogomes.com.br\/noticias\/wp-json\/wp\/v2\/users\/1"}],"replies":[{"embeddable":true,"href":"https:\/\/blogdorogeriogomes.com.br\/noticias\/wp-json\/wp\/v2\/comments?post=16592"}],"version-history":[{"count":2,"href":"https:\/\/blogdorogeriogomes.com.br\/noticias\/wp-json\/wp\/v2\/posts\/16592\/revisions"}],"predecessor-version":[{"id":16598,"href":"https:\/\/blogdorogeriogomes.com.br\/noticias\/wp-json\/wp\/v2\/posts\/16592\/revisions\/16598"}],"wp:featuredmedia":[{"embeddable":true,"href":"https:\/\/blogdorogeriogomes.com.br\/noticias\/wp-json\/wp\/v2\/media\/16593"}],"wp:attachment":[{"href":"https:\/\/blogdorogeriogomes.com.br\/noticias\/wp-json\/wp\/v2\/media?parent=16592"}],"wp:term":[{"taxonomy":"category","embeddable":true,"href":"https:\/\/blogdorogeriogomes.com.br\/noticias\/wp-json\/wp\/v2\/categories?post=16592"},{"taxonomy":"post_tag","embeddable":true,"href":"https:\/\/blogdorogeriogomes.com.br\/noticias\/wp-json\/wp\/v2\/tags?post=16592"}],"curies":[{"name":"wp","href":"https:\/\/api.w.org\/{rel}","templated":true}]}}