{"id":16599,"date":"2020-05-07T15:53:14","date_gmt":"2020-05-07T15:53:14","guid":{"rendered":"http:\/\/blogdorogeriogomes.com.br\/?p=16599"},"modified":"2020-05-08T13:38:26","modified_gmt":"2020-05-08T13:38:26","slug":"bolsonaro-guedes-e-empresarios-vao-ao-stf-cobrar-o-retorno-das-atividades-economicas-no-pais-mesmo-com-o-aumento-no-numero-de-mortos-pela-pandemia","status":"publish","type":"post","link":"https:\/\/blogdorogeriogomes.com.br\/noticias\/2020\/05\/bolsonaro-guedes-e-empresarios-vao-ao-stf-cobrar-o-retorno-das-atividades-economicas-no-pais-mesmo-com-o-aumento-no-numero-de-mortos-pela-pandemia\/","title":{"rendered":"Bolsonaro, Guedes e empres\u00e1rios v\u00e3o ao STF cobrar o retorno das atividades econ\u00f4micas no Pa\u00eds, mesmo com o aumento no n\u00famero de mortos pela pandemia"},"content":{"rendered":"\n<p>O presidente Jair Bolsonaro, o ministro da Economia, Paulo Guedes, e empres\u00e1rios foram at\u00e9 a sede do Supremo Tribunal Federal (STF), na manh\u00e3 desta quinta-feira, dia 7 de maio, para cobrar o retorno das atividades econ\u00f4micas no Pa\u00eds, mesmo diante da explos\u00e3o de casos e mortes por Covid-19 no Pa\u00eds. Eles se reuniram com o presidente do STF, Dias Toffoli.<\/p>\n\n\n\n<p>O pedido ao STF vai de encontro \u00e0s medidas recomendadas pela Organiza\u00e7\u00e3o Mundial da Sa\u00fade (OMS) que \u00e9 de manter o isolamento social nas localidades onde a curva de cont\u00e1gio \u00e9 crescente. No Brasil, h\u00e1 estados j\u00e1 em colapso no atendimento da rede p\u00fablica hospitalar e o n\u00famero de infectados s\u00f3 aumenta, devido a diminui\u00e7\u00e3o no distanciamento social.<\/p>\n\n\n\n<p>\u201cA economia pode se desintegrar e de colapsar, os empres\u00e1rios me deram o alerta, n\u00e3o est\u00e3o segurando mais. N\u00e3o podemos virar uma Venezuela\u201d, disse Paulo Guedes. Segundo Jair Bolsonaro, &#8220;os governadores foram longe demais nas medidas restritivas, aut\u00f4nomos perderam a renda e o desemprego cresce&#8221;.&nbsp;<\/p>\n\n\n\n<p>O presidente do STF, Dias Toffoli, disse na reuni\u00e3o que est\u00e1 faltando uma coordena\u00e7\u00e3o nacional com os estados para definir uma pol\u00edtica de retorno \u00e0s atividades econ\u00f4micas. Foi um recado direto a Bolsonaro, que s\u00f3 tem criticado os governadores e prefeitos e pouco tem dialogado sobre o combate a pandemia.<\/p>\n\n\n\n<figure class=\"wp-block-gallery columns-1 is-cropped wp-block-gallery-1 is-layout-flex wp-block-gallery-is-layout-flex\"><ul class=\"blocks-gallery-grid\"><li class=\"blocks-gallery-item\"><figure><img loading=\"lazy\" decoding=\"async\" width=\"512\" height=\"284\" src=\"http:\/\/blogdorogeriogomes.com.br\/wp-content\/uploads\/2020\/05\/unnamed.jpg\" alt=\"\" data-id=\"16600\" data-full-url=\"http:\/\/blogdorogeriogomes.com.br\/wp-content\/uploads\/2020\/05\/unnamed.jpg\" data-link=\"http:\/\/blogdorogeriogomes.com.br\/?attachment_id=16600\" class=\"wp-image-16600\" srcset=\"https:\/\/blogdorogeriogomes.com.br\/noticias\/wp-content\/uploads\/2020\/05\/unnamed.jpg 512w, https:\/\/blogdorogeriogomes.com.br\/noticias\/wp-content\/uploads\/2020\/05\/unnamed-300x166.jpg 300w\" sizes=\"auto, (max-width: 512px) 100vw, 512px\" \/><\/figure><\/li><\/ul><\/figure>\n\n\n\n<p>O ministro da Economia, Paulo Guedes, sugeriu ainda que o presidente Jair Bolsonaro vete qualquer possibilidade de reajuste salarial do funcionalismo p\u00fablico, mesmo de profissionais de sa\u00fade envolvidos no combate \u00e0 Covid-19. Em entrevista na frente do STF, ap\u00f3s a visita, Bolsonaro confirmou que vai seguir a orienta\u00e7\u00e3o econ\u00f4mica do ministro Paulo Guedes.<\/p>\n","protected":false},"excerpt":{"rendered":"<p>O presidente Jair Bolsonaro, o ministro da Economia, Paulo Guedes, e empres\u00e1rios foram at\u00e9 a sede do Supremo Tribunal Federal (STF), na manh\u00e3 desta quinta-feira, dia 7 de maio, para cobrar o retorno das atividades econ\u00f4micas no Pa\u00eds, mesmo diante da explos\u00e3o de casos e mortes por Covid-19 no Pa\u00eds. Eles se reuniram com o presidente do STF, Dias Toffoli. O pedido ao STF vai de encontro \u00e0s medidas recomendadas pela Organiza\u00e7\u00e3o Mundial da Sa\u00fade (OMS) que \u00e9 de&hellip;<\/p>\n","protected":false},"author":1,"featured_media":16600,"comment_status":"open","ping_status":"open","sticky":false,"template":"","format":"standard","meta":{"footnotes":""},"categories":[1],"tags":[],"class_list":["post-16599","post","type-post","status-publish","format-standard","has-post-thumbnail","hentry","category-noticias"],"_links":{"self":[{"href":"https:\/\/blogdorogeriogomes.com.br\/noticias\/wp-json\/wp\/v2\/posts\/16599","targetHints":{"allow":["GET"]}}],"collection":[{"href":"https:\/\/blogdorogeriogomes.com.br\/noticias\/wp-json\/wp\/v2\/posts"}],"about":[{"href":"https:\/\/blogdorogeriogomes.com.br\/noticias\/wp-json\/wp\/v2\/types\/post"}],"author":[{"embeddable":true,"href":"https:\/\/blogdorogeriogomes.com.br\/noticias\/wp-json\/wp\/v2\/users\/1"}],"replies":[{"embeddable":true,"href":"https:\/\/blogdorogeriogomes.com.br\/noticias\/wp-json\/wp\/v2\/comments?post=16599"}],"version-history":[{"count":2,"href":"https:\/\/blogdorogeriogomes.com.br\/noticias\/wp-json\/wp\/v2\/posts\/16599\/revisions"}],"predecessor-version":[{"id":16616,"href":"https:\/\/blogdorogeriogomes.com.br\/noticias\/wp-json\/wp\/v2\/posts\/16599\/revisions\/16616"}],"wp:featuredmedia":[{"embeddable":true,"href":"https:\/\/blogdorogeriogomes.com.br\/noticias\/wp-json\/wp\/v2\/media\/16600"}],"wp:attachment":[{"href":"https:\/\/blogdorogeriogomes.com.br\/noticias\/wp-json\/wp\/v2\/media?parent=16599"}],"wp:term":[{"taxonomy":"category","embeddable":true,"href":"https:\/\/blogdorogeriogomes.com.br\/noticias\/wp-json\/wp\/v2\/categories?post=16599"},{"taxonomy":"post_tag","embeddable":true,"href":"https:\/\/blogdorogeriogomes.com.br\/noticias\/wp-json\/wp\/v2\/tags?post=16599"}],"curies":[{"name":"wp","href":"https:\/\/api.w.org\/{rel}","templated":true}]}}