{"id":16602,"date":"2020-05-07T22:10:52","date_gmt":"2020-05-07T22:10:52","guid":{"rendered":"http:\/\/blogdorogeriogomes.com.br\/?p=16602"},"modified":"2020-05-08T13:38:17","modified_gmt":"2020-05-08T13:38:17","slug":"prefeito-roberto-claudio-participa-de-reuniao-com-a-oms-e-lamenta-postura-de-jair-bolsonaro-diante-da-pandemia-do-coronavirus","status":"publish","type":"post","link":"https:\/\/blogdorogeriogomes.com.br\/noticias\/2020\/05\/prefeito-roberto-claudio-participa-de-reuniao-com-a-oms-e-lamenta-postura-de-jair-bolsonaro-diante-da-pandemia-do-coronavirus\/","title":{"rendered":"Prefeito Roberto Cl\u00e1udio participa de reuni\u00e3o com a OMS e lamenta postura de Jair Bolsonaro diante da pandemia do coronav\u00edrus"},"content":{"rendered":"\n<p>O prefeito de Fortaleza, Roberto Cl\u00e1udio, participou de uma videoconfer\u00eancia com Tedros Adhanom, diretor-geral da Organiza\u00e7\u00e3o Mundial da Sa\u00fade (OMS), com Olive Shisana, assessora especial de Pol\u00edtica Social da Presid\u00eancia da Rep\u00fablica da \u00c1frica do Sul, e com Jorge Chediek, diretor do Escrit\u00f3rio das Na\u00e7\u00f5es Unidas para a Coopera\u00e7\u00e3o Sul, sobre o avan\u00e7o da pandemia do coronav\u00edrus. A reuni\u00e3o remota aconteceu nesta quinta-feira, dia 7 de maio. Roberto Cl\u00e1udio fez cr\u00edticas \u00e0 postura do presidente Jair Bolsonaro, que continua a pregar a sa\u00edda do isolamento social e o retorno das pessoas ao trabalho, apesar da disparada de casos no Pa\u00eds.<\/p>\n\n\n\n<figure class=\"wp-block-gallery columns-1 is-cropped wp-block-gallery-1 is-layout-flex wp-block-gallery-is-layout-flex\"><ul class=\"blocks-gallery-grid\"><li class=\"blocks-gallery-item\"><figure><img loading=\"lazy\" decoding=\"async\" width=\"1024\" height=\"602\" src=\"http:\/\/blogdorogeriogomes.com.br\/wp-content\/uploads\/2020\/05\/IMG-20200507-WA0187-1024x602.jpg\" alt=\"\" data-id=\"16603\" data-full-url=\"http:\/\/blogdorogeriogomes.com.br\/wp-content\/uploads\/2020\/05\/IMG-20200507-WA0187.jpg\" data-link=\"http:\/\/blogdorogeriogomes.com.br\/?attachment_id=16603\" class=\"wp-image-16603\" srcset=\"https:\/\/blogdorogeriogomes.com.br\/noticias\/wp-content\/uploads\/2020\/05\/IMG-20200507-WA0187-1024x602.jpg 1024w, https:\/\/blogdorogeriogomes.com.br\/noticias\/wp-content\/uploads\/2020\/05\/IMG-20200507-WA0187-300x176.jpg 300w, https:\/\/blogdorogeriogomes.com.br\/noticias\/wp-content\/uploads\/2020\/05\/IMG-20200507-WA0187-768x451.jpg 768w, https:\/\/blogdorogeriogomes.com.br\/noticias\/wp-content\/uploads\/2020\/05\/IMG-20200507-WA0187-800x470.jpg 800w, https:\/\/blogdorogeriogomes.com.br\/noticias\/wp-content\/uploads\/2020\/05\/IMG-20200507-WA0187.jpg 1280w\" sizes=\"auto, (max-width: 1024px) 100vw, 1024px\" \/><\/figure><\/li><\/ul><\/figure>\n\n\n\n<p>\u201cVamos enfrentar muitas m\u00e1s consequ\u00eancias ainda por conta dessa postura&#8230;na verdade, muitos dos problemas que j\u00e1 estamos enfrentando v\u00eam da postura do nosso presidente da Rep\u00fablica\u201d, disse o prefeito Roberto Cl\u00e1udio. \u201cO lockdown que est\u00e1 sendo implantado em Fortaleza \u00e9 uma medida para tentar conter o caos no sistema p\u00fablico de sa\u00fade, que n\u00e3o est\u00e1 dando conta da quantidade de infectados, cada vez crescente\u201d, acrescentou o chefe do Executivo na Capital.<\/p>\n\n\n\n<p>O Minist\u00e9rio da Sa\u00fade divulgou nesta quinta-feira, dia 7, que o Brasil chegou a 135.106 casos do novo coronav\u00edrus. O pa\u00eds tem 9.146 mortes oficiais, com 610 registros confirmados pela pasta nas \u00faltimas 24 horas. No Cear\u00e1, s\u00e3o 903 mortes por Covid-19 e 13.888 casos confirmados.&nbsp;<\/p>\n","protected":false},"excerpt":{"rendered":"<p>O prefeito de Fortaleza, Roberto Cl\u00e1udio, participou de uma videoconfer\u00eancia com Tedros Adhanom, diretor-geral da Organiza\u00e7\u00e3o Mundial da Sa\u00fade (OMS), com Olive Shisana, assessora especial de Pol\u00edtica Social da Presid\u00eancia da Rep\u00fablica da \u00c1frica do Sul, e com Jorge Chediek, diretor do Escrit\u00f3rio das Na\u00e7\u00f5es Unidas para a Coopera\u00e7\u00e3o Sul, sobre o avan\u00e7o da pandemia do coronav\u00edrus. A reuni\u00e3o remota aconteceu nesta quinta-feira, dia 7 de maio. Roberto Cl\u00e1udio fez cr\u00edticas \u00e0 postura do presidente Jair Bolsonaro, que continua&hellip;<\/p>\n","protected":false},"author":1,"featured_media":16603,"comment_status":"open","ping_status":"open","sticky":false,"template":"","format":"standard","meta":{"footnotes":""},"categories":[1],"tags":[],"class_list":["post-16602","post","type-post","status-publish","format-standard","has-post-thumbnail","hentry","category-noticias"],"_links":{"self":[{"href":"https:\/\/blogdorogeriogomes.com.br\/noticias\/wp-json\/wp\/v2\/posts\/16602","targetHints":{"allow":["GET"]}}],"collection":[{"href":"https:\/\/blogdorogeriogomes.com.br\/noticias\/wp-json\/wp\/v2\/posts"}],"about":[{"href":"https:\/\/blogdorogeriogomes.com.br\/noticias\/wp-json\/wp\/v2\/types\/post"}],"author":[{"embeddable":true,"href":"https:\/\/blogdorogeriogomes.com.br\/noticias\/wp-json\/wp\/v2\/users\/1"}],"replies":[{"embeddable":true,"href":"https:\/\/blogdorogeriogomes.com.br\/noticias\/wp-json\/wp\/v2\/comments?post=16602"}],"version-history":[{"count":2,"href":"https:\/\/blogdorogeriogomes.com.br\/noticias\/wp-json\/wp\/v2\/posts\/16602\/revisions"}],"predecessor-version":[{"id":16615,"href":"https:\/\/blogdorogeriogomes.com.br\/noticias\/wp-json\/wp\/v2\/posts\/16602\/revisions\/16615"}],"wp:featuredmedia":[{"embeddable":true,"href":"https:\/\/blogdorogeriogomes.com.br\/noticias\/wp-json\/wp\/v2\/media\/16603"}],"wp:attachment":[{"href":"https:\/\/blogdorogeriogomes.com.br\/noticias\/wp-json\/wp\/v2\/media?parent=16602"}],"wp:term":[{"taxonomy":"category","embeddable":true,"href":"https:\/\/blogdorogeriogomes.com.br\/noticias\/wp-json\/wp\/v2\/categories?post=16602"},{"taxonomy":"post_tag","embeddable":true,"href":"https:\/\/blogdorogeriogomes.com.br\/noticias\/wp-json\/wp\/v2\/tags?post=16602"}],"curies":[{"name":"wp","href":"https:\/\/api.w.org\/{rel}","templated":true}]}}