{"id":16605,"date":"2020-05-07T23:05:31","date_gmt":"2020-05-07T23:05:31","guid":{"rendered":"http:\/\/blogdorogeriogomes.com.br\/?p=16605"},"modified":"2020-05-08T13:38:09","modified_gmt":"2020-05-08T13:38:09","slug":"blitze-para-combater-a-circulacao-indevida-de-pessoas-em-fortaleza-ja-comecaram-ainda-nesta-quinta-feira","status":"publish","type":"post","link":"https:\/\/blogdorogeriogomes.com.br\/noticias\/2020\/05\/blitze-para-combater-a-circulacao-indevida-de-pessoas-em-fortaleza-ja-comecaram-ainda-nesta-quinta-feira\/","title":{"rendered":"Blitze para combater a circula\u00e7\u00e3o indevida de pessoas em Fortaleza j\u00e1 come\u00e7aram ainda nesta quinta-feira"},"content":{"rendered":"\n<p>O trabalho educativo de agentes de seguran\u00e7a para orientar motoristas e pedestres sobre as regras mais r\u00edgidas de isolamento social em Fortaleza come\u00e7ou ainda na noite desta quinta-feira, dia 7 de maio. A ideia \u00e9 explicar o que ser\u00e1 permitido ou n\u00e3o dentro do decreto governamental, assinado pelo governador Camilo Santana, que tem validade at\u00e9 20 de maio.<\/p>\n\n\n\n<p>De acordo com a Secretaria de Seguran\u00e7a P\u00fablica e Defesa Social, cerca de 300 agentes de \u00f3rg\u00e3os de seguran\u00e7a devem atuar em blitze fixas e volantes em Fortaleza, a partir desta sexta-feira, dia 8. Bairros com maior incid\u00eancia da Covid-19 e descumprimento do isolamento social ser\u00e3o priorizados, assim como pra\u00e7as, cal\u00e7ad\u00f5es e praias que costumam gerar maior aglomera\u00e7\u00e3o de pessoas.<\/p>\n\n\n\n<p>Para as pessoas que precisem sair de casa, a partir desta sexta-feira, dia 8, \u00e9 necess\u00e1rio portar um documento de identidade, comprovante de resid\u00eancia e atestar a necessidade da locomo\u00e7\u00e3o. Sa\u00eddas para compra de rem\u00e9dios em farm\u00e1cia ou alimentos em supermercado est\u00e3o permitidas.&nbsp;Se n\u00e3o&nbsp;conseguir justificar a sa\u00edda para a rua, o cidad\u00e3o ser\u00e1 orientado pelos agentes a retornar para a a pr\u00f3pria resid\u00eancia e pode ser levado a delegacia em caso de insist\u00eancia na circula\u00e7\u00e3o.<\/p>\n\n\n\n<p>Quem estiver trabalhando em empresas que fornecem servi\u00e7os essenciais, como hospitais ou supermercados, pode fazer uso de crach\u00e1 ou farda. O funcion\u00e1rio tamb\u00e9m pode apresentar um documento assinado pelo empregador ou por algu\u00e9m que seja respons\u00e1vel pela empresa onde o servidor exerce a fun\u00e7\u00e3o.&nbsp;<\/p>\n\n\n\n<p>&nbsp;<\/p>\n\n\n\n<figure class=\"wp-block-gallery columns-1 is-cropped wp-block-gallery-1 is-layout-flex wp-block-gallery-is-layout-flex\"><ul class=\"blocks-gallery-grid\"><li class=\"blocks-gallery-item\"><figure><img loading=\"lazy\" decoding=\"async\" width=\"1024\" height=\"512\" src=\"http:\/\/blogdorogeriogomes.com.br\/wp-content\/uploads\/2020\/05\/IMG-20200507-WA0209-1024x512.jpg\" alt=\"\" data-id=\"16606\" data-full-url=\"http:\/\/blogdorogeriogomes.com.br\/wp-content\/uploads\/2020\/05\/IMG-20200507-WA0209.jpg\" data-link=\"http:\/\/blogdorogeriogomes.com.br\/?attachment_id=16606\" class=\"wp-image-16606\" srcset=\"https:\/\/blogdorogeriogomes.com.br\/noticias\/wp-content\/uploads\/2020\/05\/IMG-20200507-WA0209-1024x512.jpg 1024w, https:\/\/blogdorogeriogomes.com.br\/noticias\/wp-content\/uploads\/2020\/05\/IMG-20200507-WA0209-300x150.jpg 300w, https:\/\/blogdorogeriogomes.com.br\/noticias\/wp-content\/uploads\/2020\/05\/IMG-20200507-WA0209-768x384.jpg 768w, https:\/\/blogdorogeriogomes.com.br\/noticias\/wp-content\/uploads\/2020\/05\/IMG-20200507-WA0209-800x400.jpg 800w, https:\/\/blogdorogeriogomes.com.br\/noticias\/wp-content\/uploads\/2020\/05\/IMG-20200507-WA0209.jpg 1040w\" sizes=\"auto, (max-width: 1024px) 100vw, 1024px\" \/><\/figure><\/li><\/ul><\/figure>\n","protected":false},"excerpt":{"rendered":"<p>O trabalho educativo de agentes de seguran\u00e7a para orientar motoristas e pedestres sobre as regras mais r\u00edgidas de isolamento social em Fortaleza come\u00e7ou ainda na noite desta quinta-feira, dia 7 de maio. A ideia \u00e9 explicar o que ser\u00e1 permitido ou n\u00e3o dentro do decreto governamental, assinado pelo governador Camilo Santana, que tem validade at\u00e9 20 de maio. De acordo com a Secretaria de Seguran\u00e7a P\u00fablica e Defesa Social, cerca de 300 agentes de \u00f3rg\u00e3os de seguran\u00e7a devem atuar&hellip;<\/p>\n","protected":false},"author":1,"featured_media":16606,"comment_status":"open","ping_status":"open","sticky":false,"template":"","format":"standard","meta":{"footnotes":""},"categories":[1],"tags":[],"class_list":["post-16605","post","type-post","status-publish","format-standard","has-post-thumbnail","hentry","category-noticias"],"_links":{"self":[{"href":"https:\/\/blogdorogeriogomes.com.br\/noticias\/wp-json\/wp\/v2\/posts\/16605","targetHints":{"allow":["GET"]}}],"collection":[{"href":"https:\/\/blogdorogeriogomes.com.br\/noticias\/wp-json\/wp\/v2\/posts"}],"about":[{"href":"https:\/\/blogdorogeriogomes.com.br\/noticias\/wp-json\/wp\/v2\/types\/post"}],"author":[{"embeddable":true,"href":"https:\/\/blogdorogeriogomes.com.br\/noticias\/wp-json\/wp\/v2\/users\/1"}],"replies":[{"embeddable":true,"href":"https:\/\/blogdorogeriogomes.com.br\/noticias\/wp-json\/wp\/v2\/comments?post=16605"}],"version-history":[{"count":2,"href":"https:\/\/blogdorogeriogomes.com.br\/noticias\/wp-json\/wp\/v2\/posts\/16605\/revisions"}],"predecessor-version":[{"id":16614,"href":"https:\/\/blogdorogeriogomes.com.br\/noticias\/wp-json\/wp\/v2\/posts\/16605\/revisions\/16614"}],"wp:featuredmedia":[{"embeddable":true,"href":"https:\/\/blogdorogeriogomes.com.br\/noticias\/wp-json\/wp\/v2\/media\/16606"}],"wp:attachment":[{"href":"https:\/\/blogdorogeriogomes.com.br\/noticias\/wp-json\/wp\/v2\/media?parent=16605"}],"wp:term":[{"taxonomy":"category","embeddable":true,"href":"https:\/\/blogdorogeriogomes.com.br\/noticias\/wp-json\/wp\/v2\/categories?post=16605"},{"taxonomy":"post_tag","embeddable":true,"href":"https:\/\/blogdorogeriogomes.com.br\/noticias\/wp-json\/wp\/v2\/tags?post=16605"}],"curies":[{"name":"wp","href":"https:\/\/api.w.org\/{rel}","templated":true}]}}