{"id":16611,"date":"2020-05-08T11:26:13","date_gmt":"2020-05-08T11:26:13","guid":{"rendered":"http:\/\/blogdorogeriogomes.com.br\/?p=16611"},"modified":"2020-05-08T13:37:46","modified_gmt":"2020-05-08T13:37:46","slug":"ceara-aguarda-a-chegada-de-200-respiradores-mas-estados-do-nordeste-sofrem-com-seguidos-cancelamentos-de-pedidos","status":"publish","type":"post","link":"https:\/\/blogdorogeriogomes.com.br\/noticias\/2020\/05\/ceara-aguarda-a-chegada-de-200-respiradores-mas-estados-do-nordeste-sofrem-com-seguidos-cancelamentos-de-pedidos\/","title":{"rendered":"Cear\u00e1 aguarda a chegada de 200 respiradores, mas estados do Nordeste sofrem com seguidos cancelamentos de pedidos"},"content":{"rendered":"\n<p>O governador Camilo Santana anunciou que 200 dos 700 respiradores adquiridos fora do Brasil, devem chegar ao Cear\u00e1 nos pr\u00f3ximos dias. Os equipamentos s\u00e3o imprescind\u00edveis para a montagem de novos leitos de UTI. No entanto, a opera\u00e7\u00e3o para a chegada de novos respiradores n\u00e3o tem sido f\u00e1cil. Muitos importadores da China t\u00eam cancelado os pedidos. Uma realidade enfrentada, inclusive, pelo pr\u00f3prio Minist\u00e9rio da Sa\u00fade que tem tentado recorrer \u00e0 produ\u00e7\u00e3o do equipamento no mercado nacional. Por\u00e9m, a car\u00eancia de alguns insumos para a produ\u00e7\u00e3o dos ventiladores que tamb\u00e9m s\u00e3o trazidos do Exterior. Segundo o setor, h\u00e1 demora na chegada das pe\u00e7as.<\/p>\n\n\n\n<p>O cancelamento nos pedidos de respiradores comprados no mercado internacional atinge todos os estados. Governadores do Cons\u00f3rcio do Nordeste, por exemplo, tiveram cancelada a segunda tentativa de compra de respiradores necess\u00e1rios para o atendimento de pacientes em estado grave infectados pelo novo coronav\u00edrus. O Governo da Bahia, que representou os governadores nordestinos no acordo, agora tenta reaver R$ 49 milh\u00f5es pagos antecipadamente a uma empresa sediada nos Estados Unidos. O valor se referia a 80% do pre\u00e7o de um lote de 600 ventiladores pulmonares.<\/p>\n\n\n\n<figure class=\"wp-block-gallery columns-1 is-cropped wp-block-gallery-1 is-layout-flex wp-block-gallery-is-layout-flex\"><ul class=\"blocks-gallery-grid\"><li class=\"blocks-gallery-item\"><figure><img loading=\"lazy\" decoding=\"async\" width=\"400\" height=\"225\" src=\"http:\/\/blogdorogeriogomes.com.br\/wp-content\/uploads\/2020\/05\/image.jpg\" alt=\"\" data-id=\"16612\" data-full-url=\"http:\/\/blogdorogeriogomes.com.br\/wp-content\/uploads\/2020\/05\/image.jpg\" data-link=\"http:\/\/blogdorogeriogomes.com.br\/?attachment_id=16612\" class=\"wp-image-16612\" srcset=\"https:\/\/blogdorogeriogomes.com.br\/noticias\/wp-content\/uploads\/2020\/05\/image.jpg 400w, https:\/\/blogdorogeriogomes.com.br\/noticias\/wp-content\/uploads\/2020\/05\/image-300x169.jpg 300w\" sizes=\"auto, (max-width: 400px) 100vw, 400px\" \/><\/figure><\/li><\/ul><\/figure>\n","protected":false},"excerpt":{"rendered":"<p>O governador Camilo Santana anunciou que 200 dos 700 respiradores adquiridos fora do Brasil, devem chegar ao Cear\u00e1 nos pr\u00f3ximos dias. Os equipamentos s\u00e3o imprescind\u00edveis para a montagem de novos leitos de UTI. No entanto, a opera\u00e7\u00e3o para a chegada de novos respiradores n\u00e3o tem sido f\u00e1cil. Muitos importadores da China t\u00eam cancelado os pedidos. Uma realidade enfrentada, inclusive, pelo pr\u00f3prio Minist\u00e9rio da Sa\u00fade que tem tentado recorrer \u00e0 produ\u00e7\u00e3o do equipamento no mercado nacional. Por\u00e9m, a car\u00eancia de&hellip;<\/p>\n","protected":false},"author":1,"featured_media":16612,"comment_status":"open","ping_status":"open","sticky":false,"template":"","format":"standard","meta":{"footnotes":""},"categories":[1],"tags":[],"class_list":["post-16611","post","type-post","status-publish","format-standard","has-post-thumbnail","hentry","category-noticias"],"_links":{"self":[{"href":"https:\/\/blogdorogeriogomes.com.br\/noticias\/wp-json\/wp\/v2\/posts\/16611","targetHints":{"allow":["GET"]}}],"collection":[{"href":"https:\/\/blogdorogeriogomes.com.br\/noticias\/wp-json\/wp\/v2\/posts"}],"about":[{"href":"https:\/\/blogdorogeriogomes.com.br\/noticias\/wp-json\/wp\/v2\/types\/post"}],"author":[{"embeddable":true,"href":"https:\/\/blogdorogeriogomes.com.br\/noticias\/wp-json\/wp\/v2\/users\/1"}],"replies":[{"embeddable":true,"href":"https:\/\/blogdorogeriogomes.com.br\/noticias\/wp-json\/wp\/v2\/comments?post=16611"}],"version-history":[{"count":1,"href":"https:\/\/blogdorogeriogomes.com.br\/noticias\/wp-json\/wp\/v2\/posts\/16611\/revisions"}],"predecessor-version":[{"id":16613,"href":"https:\/\/blogdorogeriogomes.com.br\/noticias\/wp-json\/wp\/v2\/posts\/16611\/revisions\/16613"}],"wp:featuredmedia":[{"embeddable":true,"href":"https:\/\/blogdorogeriogomes.com.br\/noticias\/wp-json\/wp\/v2\/media\/16612"}],"wp:attachment":[{"href":"https:\/\/blogdorogeriogomes.com.br\/noticias\/wp-json\/wp\/v2\/media?parent=16611"}],"wp:term":[{"taxonomy":"category","embeddable":true,"href":"https:\/\/blogdorogeriogomes.com.br\/noticias\/wp-json\/wp\/v2\/categories?post=16611"},{"taxonomy":"post_tag","embeddable":true,"href":"https:\/\/blogdorogeriogomes.com.br\/noticias\/wp-json\/wp\/v2\/tags?post=16611"}],"curies":[{"name":"wp","href":"https:\/\/api.w.org\/{rel}","templated":true}]}}