{"id":16622,"date":"2020-05-09T13:03:03","date_gmt":"2020-05-09T13:03:03","guid":{"rendered":"http:\/\/blogdorogeriogomes.com.br\/?p=16622"},"modified":"2020-05-09T18:36:58","modified_gmt":"2020-05-09T18:36:58","slug":"avaliacao-do-primeiro-dia-de-regras-mais-rigidas-de-circulacao-em-fortaleza-e-positiva-quanto-a-diminuicao-de-pessoas-na-rua","status":"publish","type":"post","link":"https:\/\/blogdorogeriogomes.com.br\/noticias\/2020\/05\/avaliacao-do-primeiro-dia-de-regras-mais-rigidas-de-circulacao-em-fortaleza-e-positiva-quanto-a-diminuicao-de-pessoas-na-rua\/","title":{"rendered":"Avalia\u00e7\u00e3o do primeiro dia de regras mais r\u00edgidas de circula\u00e7\u00e3o em Fortaleza \u00e9 positiva quanto a diminui\u00e7\u00e3o de pessoas na rua"},"content":{"rendered":"\n<p>O governador do Cear\u00e1, Camilo Santana, e o prefeito de Fortaleza, Roberto Cl\u00e1udio, fizeram uma avalia\u00e7\u00e3o positiva do primeiro dia de &#8220;Lockdown&#8221; no Estado. As regras mais r\u00edgidas para garantir o isolamento social conseguiram diminuir a circula\u00e7\u00e3o de pessoas nas ruas e avenidas de Fortaleza.<\/p>\n\n\n\n<p>Dados preliminares apontaram que na Regional 2 a taxa de isolamento ficou acima dos 80%, e que no bairro Vila Velha, ficou entre 70% e 80%. Na avenida Washington Soares, a redu\u00e7\u00e3o de tr\u00e1fego foi de 63%, enquanto que na avenida Carlos Jereissati, onde fica o Aeroporto de Fortaleza, foi de 77%.&nbsp;<\/p>\n\n\n\n<p>&#8220;Essa \u00e9 a \u00fanica medida para reduzir o v\u00edrus aqui no Cear\u00e1, e os casos se concentram aqui na Capital. Os hospitais e as UPAs est\u00e3o lotadas, mesmo com o nosso esfor\u00e7o para aumentar o n\u00famero de leitos. A nossa meta \u00e9 alcan\u00e7ar 70% em m\u00e9dia em todo o Cear\u00e1&#8221;, observou o governador Camilo Santana.<\/p>\n\n\n\n<figure class=\"wp-block-gallery columns-1 is-cropped wp-block-gallery-1 is-layout-flex wp-block-gallery-is-layout-flex\"><ul class=\"blocks-gallery-grid\"><li class=\"blocks-gallery-item\"><figure><img loading=\"lazy\" decoding=\"async\" width=\"715\" height=\"429\" src=\"http:\/\/blogdorogeriogomes.com.br\/wp-content\/uploads\/2020\/05\/images-11.jpeg\" alt=\"\" data-id=\"16623\" data-full-url=\"http:\/\/blogdorogeriogomes.com.br\/wp-content\/uploads\/2020\/05\/images-11.jpeg\" data-link=\"http:\/\/blogdorogeriogomes.com.br\/?attachment_id=16623\" class=\"wp-image-16623\" srcset=\"https:\/\/blogdorogeriogomes.com.br\/noticias\/wp-content\/uploads\/2020\/05\/images-11.jpeg 715w, https:\/\/blogdorogeriogomes.com.br\/noticias\/wp-content\/uploads\/2020\/05\/images-11-300x180.jpeg 300w\" sizes=\"auto, (max-width: 715px) 100vw, 715px\" \/><\/figure><\/li><\/ul><\/figure>\n\n\n\n<p>De acordo com a Central de Monitoramento do Controle de Tr\u00e1fego em \u00c1rea de Fortaleza (CTAFor), o mapa de tr\u00e2nsito averiguou uma redu\u00e7\u00e3o de mais de 50% da circula\u00e7\u00e3o na Capital. &nbsp;\u201cO primeiro dia j\u00e1 teve efeito e mostra a import\u00e2ncia do isolamento social r\u00edgido. Mas mais importante que isso \u00e9 manter a consci\u00eancia, a disciplina e a responsabilidade em continuar lutando para enfrentar a Covid-19 e a nossa melhor luta \u00e9 executar o isolamento social\u201d, disse o prefeito Roberto Cl\u00e1udio.<\/p>\n","protected":false},"excerpt":{"rendered":"<p>O governador do Cear\u00e1, Camilo Santana, e o prefeito de Fortaleza, Roberto Cl\u00e1udio, fizeram uma avalia\u00e7\u00e3o positiva do primeiro dia de &#8220;Lockdown&#8221; no Estado. As regras mais r\u00edgidas para garantir o isolamento social conseguiram diminuir a circula\u00e7\u00e3o de pessoas nas ruas e avenidas de Fortaleza. Dados preliminares apontaram que na Regional 2 a taxa de isolamento ficou acima dos 80%, e que no bairro Vila Velha, ficou entre 70% e 80%. Na avenida Washington Soares, a redu\u00e7\u00e3o de tr\u00e1fego&hellip;<\/p>\n","protected":false},"author":1,"featured_media":16623,"comment_status":"open","ping_status":"open","sticky":false,"template":"","format":"standard","meta":{"footnotes":""},"categories":[1],"tags":[],"class_list":["post-16622","post","type-post","status-publish","format-standard","has-post-thumbnail","hentry","category-noticias"],"_links":{"self":[{"href":"https:\/\/blogdorogeriogomes.com.br\/noticias\/wp-json\/wp\/v2\/posts\/16622","targetHints":{"allow":["GET"]}}],"collection":[{"href":"https:\/\/blogdorogeriogomes.com.br\/noticias\/wp-json\/wp\/v2\/posts"}],"about":[{"href":"https:\/\/blogdorogeriogomes.com.br\/noticias\/wp-json\/wp\/v2\/types\/post"}],"author":[{"embeddable":true,"href":"https:\/\/blogdorogeriogomes.com.br\/noticias\/wp-json\/wp\/v2\/users\/1"}],"replies":[{"embeddable":true,"href":"https:\/\/blogdorogeriogomes.com.br\/noticias\/wp-json\/wp\/v2\/comments?post=16622"}],"version-history":[{"count":2,"href":"https:\/\/blogdorogeriogomes.com.br\/noticias\/wp-json\/wp\/v2\/posts\/16622\/revisions"}],"predecessor-version":[{"id":16628,"href":"https:\/\/blogdorogeriogomes.com.br\/noticias\/wp-json\/wp\/v2\/posts\/16622\/revisions\/16628"}],"wp:featuredmedia":[{"embeddable":true,"href":"https:\/\/blogdorogeriogomes.com.br\/noticias\/wp-json\/wp\/v2\/media\/16623"}],"wp:attachment":[{"href":"https:\/\/blogdorogeriogomes.com.br\/noticias\/wp-json\/wp\/v2\/media?parent=16622"}],"wp:term":[{"taxonomy":"category","embeddable":true,"href":"https:\/\/blogdorogeriogomes.com.br\/noticias\/wp-json\/wp\/v2\/categories?post=16622"},{"taxonomy":"post_tag","embeddable":true,"href":"https:\/\/blogdorogeriogomes.com.br\/noticias\/wp-json\/wp\/v2\/tags?post=16622"}],"curies":[{"name":"wp","href":"https:\/\/api.w.org\/{rel}","templated":true}]}}