{"id":16641,"date":"2020-05-11T11:43:19","date_gmt":"2020-05-11T11:43:19","guid":{"rendered":"http:\/\/blogdorogeriogomes.com.br\/?p=16641"},"modified":"2020-05-11T11:57:01","modified_gmt":"2020-05-11T11:57:01","slug":"semana-inicia-com-novos-depoimentos-no-caso-envolvendo-troca-de-acusacoes-entre-sergio-moro-e-jair-bolsonaro","status":"publish","type":"post","link":"https:\/\/blogdorogeriogomes.com.br\/noticias\/2020\/05\/semana-inicia-com-novos-depoimentos-no-caso-envolvendo-troca-de-acusacoes-entre-sergio-moro-e-jair-bolsonaro\/","title":{"rendered":"Semana inicia com novos depoimentos no caso envolvendo troca de acusa\u00e7\u00f5es entre S\u00e9rgio Moro e Jair Bolsonaro"},"content":{"rendered":"\n<p>A semana ser\u00e1 decisiva para que o procuradoria-geral da Rep\u00fablica, Augusto Aras (foto), possa concluir se ir\u00e1 denunciar o presidente Jair Bolsonaro por corrup\u00e7\u00e3o passiva privilegiada, obstru\u00e7\u00e3o de Justi\u00e7a e advocacia administrativa por tentar interferir na autonomia da Pol\u00edcia Federal.<\/p>\n\n\n\n<p>Desta segunda-feira, dia 11 de maio, a quinta-feira, dia 14, tr\u00eas ministros de Estado, seis delegados e uma deputada federal devem prestar depoimento no inqu\u00e9rito que investiga a veracidade das acusa\u00e7\u00f5es do ex-juiz da Lava Jato Sergio Moro contra o chefe do Executivo.<\/p>\n\n\n\n<p>Nesta segunda-feira prestam depoimento: Maur\u00edcio Valeixo, ex-diretor-geral da PF; Alexandre Ramagem, diretor da Abin, impedido pelo STF de assumir o posto de Valeixo; Ricardo Saadi e Carlos Henrique Sousa, ex-superintendentes da PF no RJ; Alexandre Saraiva, superintendente da PF no Amazonas; Rodrigo Teixeira, delegado respons\u00e1vel pela investiga\u00e7\u00e3o sobre a facada em 2018.<\/p>\n\n\n\n<p>Al\u00e9m disso, o ministro Celso de Mello, do STF (Supremo Tribunal Federal), pode decidir nos pr\u00f3ximos dias sobre a publicidade do v\u00eddeo da reuni\u00e3o ministerial em que Bolsonaro teria amea\u00e7ado Moro de demiss\u00e3o caso n\u00e3o trocasse o diretor-geral da PF.<\/p>\n\n\n\n<figure class=\"wp-block-gallery columns-1 is-cropped wp-block-gallery-1 is-layout-flex wp-block-gallery-is-layout-flex\"><ul class=\"blocks-gallery-grid\"><li class=\"blocks-gallery-item\"><figure><img loading=\"lazy\" decoding=\"async\" width=\"643\" height=\"477\" src=\"http:\/\/blogdorogeriogomes.com.br\/wp-content\/uploads\/2020\/05\/images-4-1.jpeg\" alt=\"\" data-id=\"16642\" data-full-url=\"http:\/\/blogdorogeriogomes.com.br\/wp-content\/uploads\/2020\/05\/images-4-1.jpeg\" data-link=\"http:\/\/blogdorogeriogomes.com.br\/?attachment_id=16642\" class=\"wp-image-16642\" srcset=\"https:\/\/blogdorogeriogomes.com.br\/noticias\/wp-content\/uploads\/2020\/05\/images-4-1.jpeg 643w, https:\/\/blogdorogeriogomes.com.br\/noticias\/wp-content\/uploads\/2020\/05\/images-4-1-300x223.jpeg 300w\" sizes=\"auto, (max-width: 643px) 100vw, 643px\" \/><\/figure><\/li><\/ul><\/figure>\n","protected":false},"excerpt":{"rendered":"<p>A semana ser\u00e1 decisiva para que o procuradoria-geral da Rep\u00fablica, Augusto Aras (foto), possa concluir se ir\u00e1 denunciar o presidente Jair Bolsonaro por corrup\u00e7\u00e3o passiva privilegiada, obstru\u00e7\u00e3o de Justi\u00e7a e advocacia administrativa por tentar interferir na autonomia da Pol\u00edcia Federal. Desta segunda-feira, dia 11 de maio, a quinta-feira, dia 14, tr\u00eas ministros de Estado, seis delegados e uma deputada federal devem prestar depoimento no inqu\u00e9rito que investiga a veracidade das acusa\u00e7\u00f5es do ex-juiz da Lava Jato Sergio Moro contra&hellip;<\/p>\n","protected":false},"author":1,"featured_media":16642,"comment_status":"open","ping_status":"open","sticky":false,"template":"","format":"standard","meta":{"footnotes":""},"categories":[1],"tags":[],"class_list":["post-16641","post","type-post","status-publish","format-standard","has-post-thumbnail","hentry","category-noticias"],"_links":{"self":[{"href":"https:\/\/blogdorogeriogomes.com.br\/noticias\/wp-json\/wp\/v2\/posts\/16641","targetHints":{"allow":["GET"]}}],"collection":[{"href":"https:\/\/blogdorogeriogomes.com.br\/noticias\/wp-json\/wp\/v2\/posts"}],"about":[{"href":"https:\/\/blogdorogeriogomes.com.br\/noticias\/wp-json\/wp\/v2\/types\/post"}],"author":[{"embeddable":true,"href":"https:\/\/blogdorogeriogomes.com.br\/noticias\/wp-json\/wp\/v2\/users\/1"}],"replies":[{"embeddable":true,"href":"https:\/\/blogdorogeriogomes.com.br\/noticias\/wp-json\/wp\/v2\/comments?post=16641"}],"version-history":[{"count":1,"href":"https:\/\/blogdorogeriogomes.com.br\/noticias\/wp-json\/wp\/v2\/posts\/16641\/revisions"}],"predecessor-version":[{"id":16643,"href":"https:\/\/blogdorogeriogomes.com.br\/noticias\/wp-json\/wp\/v2\/posts\/16641\/revisions\/16643"}],"wp:featuredmedia":[{"embeddable":true,"href":"https:\/\/blogdorogeriogomes.com.br\/noticias\/wp-json\/wp\/v2\/media\/16642"}],"wp:attachment":[{"href":"https:\/\/blogdorogeriogomes.com.br\/noticias\/wp-json\/wp\/v2\/media?parent=16641"}],"wp:term":[{"taxonomy":"category","embeddable":true,"href":"https:\/\/blogdorogeriogomes.com.br\/noticias\/wp-json\/wp\/v2\/categories?post=16641"},{"taxonomy":"post_tag","embeddable":true,"href":"https:\/\/blogdorogeriogomes.com.br\/noticias\/wp-json\/wp\/v2\/tags?post=16641"}],"curies":[{"name":"wp","href":"https:\/\/api.w.org\/{rel}","templated":true}]}}