{"id":16647,"date":"2020-05-11T20:05:22","date_gmt":"2020-05-11T20:05:22","guid":{"rendered":"http:\/\/blogdorogeriogomes.com.br\/?p=16647"},"modified":"2020-05-12T12:09:18","modified_gmt":"2020-05-12T12:09:18","slug":"hospital-sao-jose-instala-mais-25-leitos-para-pacientes-com-a-covid-19-no-ceara-sao-quase-18-mil-casos-confirmados-da-doenca","status":"publish","type":"post","link":"https:\/\/blogdorogeriogomes.com.br\/noticias\/2020\/05\/hospital-sao-jose-instala-mais-25-leitos-para-pacientes-com-a-covid-19-no-ceara-sao-quase-18-mil-casos-confirmados-da-doenca\/","title":{"rendered":"Hospital S\u00e3o Jos\u00e9 instala mais  25 leitos para pacientes com a Covid-19. No Cear\u00e1, s\u00e3o quase 18 mil casos confirmados da doen\u00e7a"},"content":{"rendered":"\n<p>Na medida de que a rede privada j\u00e1 mostra sinais de colapso para o atendimento de pacientes com o coronav\u00edrus, a rede p\u00fablica de sa\u00fade vai recebendo novos investimentos. O Hospital S\u00e3o Jos\u00e9, em Fortaleza, instalou&nbsp;nesta segunda-feira, dia 11 de maio, mais 25 novos leitos para pacientes com Covid-19 em uma unidade de campanha anexada ao hospital, mantido pelo Governo do Estado. O S\u00e3o Jos\u00e9 j\u00e1 possu\u00eda 90 leitos de interna\u00e7\u00e3o.&nbsp;Nas UTIs p\u00fablicas, o Cear\u00e1 possu\u00ed ocupa\u00e7\u00e3o&nbsp;acima de 80%.<\/p>\n\n\n\n<figure class=\"wp-block-gallery columns-1 is-cropped wp-block-gallery-1 is-layout-flex wp-block-gallery-is-layout-flex\"><ul class=\"blocks-gallery-grid\"><li class=\"blocks-gallery-item\"><figure><img loading=\"lazy\" decoding=\"async\" width=\"400\" height=\"225\" src=\"http:\/\/blogdorogeriogomes.com.br\/wp-content\/uploads\/2020\/05\/image-1.jpg\" alt=\"\" data-id=\"16648\" data-full-url=\"http:\/\/blogdorogeriogomes.com.br\/wp-content\/uploads\/2020\/05\/image-1.jpg\" data-link=\"http:\/\/blogdorogeriogomes.com.br\/?attachment_id=16648\" class=\"wp-image-16648\" srcset=\"https:\/\/blogdorogeriogomes.com.br\/noticias\/wp-content\/uploads\/2020\/05\/image-1.jpg 400w, https:\/\/blogdorogeriogomes.com.br\/noticias\/wp-content\/uploads\/2020\/05\/image-1-300x169.jpg 300w\" sizes=\"auto, (max-width: 400px) 100vw, 400px\" \/><\/figure><\/li><\/ul><\/figure>\n\n\n\n<p>O Estado possui 17.587 casos confirmados de Covid-19 e 1.168 mortes nesta segunda-feira, dia 11. S\u00e3o 895 casos e 54 mortes a mais nas \u00faltimas 24 horas. O n\u00famero de pacientes recuperados no Cear\u00e1 \u00e9 de 8.653. Segundo o Minist\u00e9rio da Sa\u00fade, o Brasil tem 11.123 mortes por coronav\u00edrus.<\/p>\n","protected":false},"excerpt":{"rendered":"<p>Na medida de que a rede privada j\u00e1 mostra sinais de colapso para o atendimento de pacientes com o coronav\u00edrus, a rede p\u00fablica de sa\u00fade vai recebendo novos investimentos. O Hospital S\u00e3o Jos\u00e9, em Fortaleza, instalou&nbsp;nesta segunda-feira, dia 11 de maio, mais 25 novos leitos para pacientes com Covid-19 em uma unidade de campanha anexada ao hospital, mantido pelo Governo do Estado. O S\u00e3o Jos\u00e9 j\u00e1 possu\u00eda 90 leitos de interna\u00e7\u00e3o.&nbsp;Nas UTIs p\u00fablicas, o Cear\u00e1 possu\u00ed ocupa\u00e7\u00e3o&nbsp;acima de 80%.&hellip;<\/p>\n","protected":false},"author":1,"featured_media":16648,"comment_status":"open","ping_status":"open","sticky":false,"template":"","format":"standard","meta":{"footnotes":""},"categories":[1],"tags":[],"class_list":["post-16647","post","type-post","status-publish","format-standard","has-post-thumbnail","hentry","category-noticias"],"_links":{"self":[{"href":"https:\/\/blogdorogeriogomes.com.br\/noticias\/wp-json\/wp\/v2\/posts\/16647","targetHints":{"allow":["GET"]}}],"collection":[{"href":"https:\/\/blogdorogeriogomes.com.br\/noticias\/wp-json\/wp\/v2\/posts"}],"about":[{"href":"https:\/\/blogdorogeriogomes.com.br\/noticias\/wp-json\/wp\/v2\/types\/post"}],"author":[{"embeddable":true,"href":"https:\/\/blogdorogeriogomes.com.br\/noticias\/wp-json\/wp\/v2\/users\/1"}],"replies":[{"embeddable":true,"href":"https:\/\/blogdorogeriogomes.com.br\/noticias\/wp-json\/wp\/v2\/comments?post=16647"}],"version-history":[{"count":2,"href":"https:\/\/blogdorogeriogomes.com.br\/noticias\/wp-json\/wp\/v2\/posts\/16647\/revisions"}],"predecessor-version":[{"id":16660,"href":"https:\/\/blogdorogeriogomes.com.br\/noticias\/wp-json\/wp\/v2\/posts\/16647\/revisions\/16660"}],"wp:featuredmedia":[{"embeddable":true,"href":"https:\/\/blogdorogeriogomes.com.br\/noticias\/wp-json\/wp\/v2\/media\/16648"}],"wp:attachment":[{"href":"https:\/\/blogdorogeriogomes.com.br\/noticias\/wp-json\/wp\/v2\/media?parent=16647"}],"wp:term":[{"taxonomy":"category","embeddable":true,"href":"https:\/\/blogdorogeriogomes.com.br\/noticias\/wp-json\/wp\/v2\/categories?post=16647"},{"taxonomy":"post_tag","embeddable":true,"href":"https:\/\/blogdorogeriogomes.com.br\/noticias\/wp-json\/wp\/v2\/tags?post=16647"}],"curies":[{"name":"wp","href":"https:\/\/api.w.org\/{rel}","templated":true}]}}