{"id":16650,"date":"2020-05-11T23:06:19","date_gmt":"2020-05-11T23:06:19","guid":{"rendered":"http:\/\/blogdorogeriogomes.com.br\/?p=16650"},"modified":"2020-05-12T12:08:53","modified_gmt":"2020-05-12T12:08:53","slug":"camilo-santana-e-roberto-claudio-anunciam-mais-leitos-na-rede-publica-para-pacientes-com-coronavirus","status":"publish","type":"post","link":"https:\/\/blogdorogeriogomes.com.br\/noticias\/2020\/05\/camilo-santana-e-roberto-claudio-anunciam-mais-leitos-na-rede-publica-para-pacientes-com-coronavirus\/","title":{"rendered":"Camilo Santana e Roberto Cl\u00e1udio anunciam mais leitos na rede p\u00fablica para pacientes com coronav\u00edrus"},"content":{"rendered":"\n<p>O governador do Cear\u00e1, Camilo Santana, e o prefeito de Fortaleza, Roberto Cl\u00e1udio, anunciaram no fim da tarde desta segunda-feira, dia 11 de maio, a cria\u00e7\u00e3o de mais leitos de atendimento para infectados com a Covid-19. Ser\u00e3o mais 73 leitos, entre Enfermaria e Unidades de Terapia Intensiva (UTI), abertos em hospitais administrados pelo Governo do Cear\u00e1, em Fortaleza.&nbsp;&#8220;Hoje (segunda-feira), estamos abrindo mais 11 leitos de UTI no Hospital Leonardo da Vinci, chegando a 120 leitos s\u00f3 de UTI, dos 230 do hospital. E amanh\u00e3 (ter\u00e7a-feira) teremos mais 37 novos leitos no Hospital de Campanha de Messejana. Todos os dias, o Estado tem aberto novos leitos, tanto de UTI como de enfermaria\u201d, explicou o governador Camilo Santana. O Governo do Cear\u00e1 aguarda essa semana a chegada de 200 respiradores adquiridos no Exterior para ampliar ainda mais a rede p\u00fablica.<\/p>\n\n\n\n<p>J\u00e1 o prefeito Roberto Cl\u00e1udio anunciou que a primeira etapa do novo Hospital da Crian\u00e7a ser\u00e1 utilizado para ampliar as possibilidades de atendimento para pacientes da Covid-19. A unidade, que est\u00e1 em fase de acabamento, dever\u00e1 ser entregue entre 25 e 30 de maio e contar\u00e1 com 75 novos leitos adaptados \u00e0 interna\u00e7\u00e3o. A ala ser\u00e1 integrada \u00e0 unidade Covid-19 do Hospital da Mulher, que j\u00e1 funciona com 10 leitos de Unidade de Terapia Intensiva (UTI) e 20 de enfermaria.&nbsp;<\/p>\n\n\n\n<figure class=\"wp-block-gallery columns-1 is-cropped wp-block-gallery-1 is-layout-flex wp-block-gallery-is-layout-flex\"><ul class=\"blocks-gallery-grid\"><li class=\"blocks-gallery-item\"><figure><img loading=\"lazy\" decoding=\"async\" width=\"640\" height=\"480\" src=\"http:\/\/blogdorogeriogomes.com.br\/wp-content\/uploads\/2020\/05\/images-5-1.jpeg\" alt=\"\" data-id=\"16651\" data-full-url=\"http:\/\/blogdorogeriogomes.com.br\/wp-content\/uploads\/2020\/05\/images-5-1.jpeg\" data-link=\"http:\/\/blogdorogeriogomes.com.br\/?attachment_id=16651\" class=\"wp-image-16651\" srcset=\"https:\/\/blogdorogeriogomes.com.br\/noticias\/wp-content\/uploads\/2020\/05\/images-5-1.jpeg 640w, https:\/\/blogdorogeriogomes.com.br\/noticias\/wp-content\/uploads\/2020\/05\/images-5-1-300x225.jpeg 300w, https:\/\/blogdorogeriogomes.com.br\/noticias\/wp-content\/uploads\/2020\/05\/images-5-1-400x300.jpeg 400w\" sizes=\"auto, (max-width: 640px) 100vw, 640px\" \/><\/figure><\/li><\/ul><\/figure>\n","protected":false},"excerpt":{"rendered":"<p>O governador do Cear\u00e1, Camilo Santana, e o prefeito de Fortaleza, Roberto Cl\u00e1udio, anunciaram no fim da tarde desta segunda-feira, dia 11 de maio, a cria\u00e7\u00e3o de mais leitos de atendimento para infectados com a Covid-19. Ser\u00e3o mais 73 leitos, entre Enfermaria e Unidades de Terapia Intensiva (UTI), abertos em hospitais administrados pelo Governo do Cear\u00e1, em Fortaleza.&nbsp;&#8220;Hoje (segunda-feira), estamos abrindo mais 11 leitos de UTI no Hospital Leonardo da Vinci, chegando a 120 leitos s\u00f3 de UTI, dos&hellip;<\/p>\n","protected":false},"author":1,"featured_media":16651,"comment_status":"open","ping_status":"open","sticky":false,"template":"","format":"standard","meta":{"footnotes":""},"categories":[1],"tags":[],"class_list":["post-16650","post","type-post","status-publish","format-standard","has-post-thumbnail","hentry","category-noticias"],"_links":{"self":[{"href":"https:\/\/blogdorogeriogomes.com.br\/noticias\/wp-json\/wp\/v2\/posts\/16650","targetHints":{"allow":["GET"]}}],"collection":[{"href":"https:\/\/blogdorogeriogomes.com.br\/noticias\/wp-json\/wp\/v2\/posts"}],"about":[{"href":"https:\/\/blogdorogeriogomes.com.br\/noticias\/wp-json\/wp\/v2\/types\/post"}],"author":[{"embeddable":true,"href":"https:\/\/blogdorogeriogomes.com.br\/noticias\/wp-json\/wp\/v2\/users\/1"}],"replies":[{"embeddable":true,"href":"https:\/\/blogdorogeriogomes.com.br\/noticias\/wp-json\/wp\/v2\/comments?post=16650"}],"version-history":[{"count":2,"href":"https:\/\/blogdorogeriogomes.com.br\/noticias\/wp-json\/wp\/v2\/posts\/16650\/revisions"}],"predecessor-version":[{"id":16659,"href":"https:\/\/blogdorogeriogomes.com.br\/noticias\/wp-json\/wp\/v2\/posts\/16650\/revisions\/16659"}],"wp:featuredmedia":[{"embeddable":true,"href":"https:\/\/blogdorogeriogomes.com.br\/noticias\/wp-json\/wp\/v2\/media\/16651"}],"wp:attachment":[{"href":"https:\/\/blogdorogeriogomes.com.br\/noticias\/wp-json\/wp\/v2\/media?parent=16650"}],"wp:term":[{"taxonomy":"category","embeddable":true,"href":"https:\/\/blogdorogeriogomes.com.br\/noticias\/wp-json\/wp\/v2\/categories?post=16650"},{"taxonomy":"post_tag","embeddable":true,"href":"https:\/\/blogdorogeriogomes.com.br\/noticias\/wp-json\/wp\/v2\/tags?post=16650"}],"curies":[{"name":"wp","href":"https:\/\/api.w.org\/{rel}","templated":true}]}}