{"id":16653,"date":"2020-05-12T10:42:54","date_gmt":"2020-05-12T10:42:54","guid":{"rendered":"http:\/\/blogdorogeriogomes.com.br\/?p=16653"},"modified":"2020-05-12T12:08:42","modified_gmt":"2020-05-12T12:08:42","slug":"bolsonaro-lanca-decreto-e-nao-avisa-ministro-da-saude-no-ceara-academias-e-saloes-de-beleza-continuam-fechados-diz-camilo-santana","status":"publish","type":"post","link":"https:\/\/blogdorogeriogomes.com.br\/noticias\/2020\/05\/bolsonaro-lanca-decreto-e-nao-avisa-ministro-da-saude-no-ceara-academias-e-saloes-de-beleza-continuam-fechados-diz-camilo-santana\/","title":{"rendered":"Bolsonaro lan\u00e7a decreto e n\u00e3o avisa Ministro da Sa\u00fade. No Cear\u00e1, academias e sal\u00f5es de beleza continuam fechados, diz Camilo Santana"},"content":{"rendered":"\n<p>O ministro da Sa\u00fade, Nelson Teich, d\u00e1 sinais que est\u00e1 cada vez mais isolado no cargo. Sem qualquer apoio do Pal\u00e1cio do Planalto. Nesta segunda-feira, dia 11 de maio, o ministro concedia entrevista \u00e0 imprensa e foi surpreendido com a informa\u00e7\u00e3o que o presidente Jair Bolsonaro tinha inclu\u00eddo academias de gin\u00e1stica, sal\u00f5es de beleza e barbearias como servi\u00e7os essenciais. <\/p>\n\n\n\n<p>&#8220;Saiu hoje?&#8221;, afirmou ao ser questionado por um rep\u00f3rter se sabia da decis\u00e3o do presidente Bolsonaro. &#8220;N\u00e3o \u00e9 atribui\u00e7\u00e3o nossa, isso a\u00ed \u00e9 uma decis\u00e3o do presidente&#8221;, completou Nelson Teich, que j\u00e1 passa a enfrentar um processo de &#8220;fritura&#8221; nos bastidores pol\u00edticos em Bras\u00edlia.<\/p>\n\n\n\n<p>Em rea\u00e7\u00e3o ao decreto de Bolsonaro, o&nbsp;governador do Cear\u00e1, Camilo Santana, disse que o decreto federal n\u00e3o altera em nada as normas estaduais. &#8220;Informo que, apesar do presidente baixar decreto considerando sal\u00f5es de beleza, barbearias e academias de gin\u00e1stica como servi\u00e7os essenciais, esse ato em NADA ALTERA o atual decreto estadual em vigor no Cear\u00e1, e devem permanecer fechados. Entendimento do Supremo Tribunal Federal&#8221;, escreveu Camilo Santana em sua rede social. Pelo menos outros governadores j\u00e1 anunciaram que v\u00e3o seguir o exemplo do chefe do Executivo cearense.<\/p>\n\n\n\n<figure class=\"wp-block-gallery columns-1 is-cropped wp-block-gallery-1 is-layout-flex wp-block-gallery-is-layout-flex\"><ul class=\"blocks-gallery-grid\"><li class=\"blocks-gallery-item\"><figure><img loading=\"lazy\" decoding=\"async\" width=\"643\" height=\"477\" src=\"http:\/\/blogdorogeriogomes.com.br\/wp-content\/uploads\/2020\/05\/images-6-1.jpeg\" alt=\"\" data-id=\"16654\" data-full-url=\"http:\/\/blogdorogeriogomes.com.br\/wp-content\/uploads\/2020\/05\/images-6-1.jpeg\" data-link=\"http:\/\/blogdorogeriogomes.com.br\/?attachment_id=16654\" class=\"wp-image-16654\" srcset=\"https:\/\/blogdorogeriogomes.com.br\/noticias\/wp-content\/uploads\/2020\/05\/images-6-1.jpeg 643w, https:\/\/blogdorogeriogomes.com.br\/noticias\/wp-content\/uploads\/2020\/05\/images-6-1-300x223.jpeg 300w\" sizes=\"auto, (max-width: 643px) 100vw, 643px\" \/><\/figure><\/li><\/ul><\/figure>\n","protected":false},"excerpt":{"rendered":"<p>O ministro da Sa\u00fade, Nelson Teich, d\u00e1 sinais que est\u00e1 cada vez mais isolado no cargo. Sem qualquer apoio do Pal\u00e1cio do Planalto. Nesta segunda-feira, dia 11 de maio, o ministro concedia entrevista \u00e0 imprensa e foi surpreendido com a informa\u00e7\u00e3o que o presidente Jair Bolsonaro tinha inclu\u00eddo academias de gin\u00e1stica, sal\u00f5es de beleza e barbearias como servi\u00e7os essenciais. &#8220;Saiu hoje?&#8221;, afirmou ao ser questionado por um rep\u00f3rter se sabia da decis\u00e3o do presidente Bolsonaro. &#8220;N\u00e3o \u00e9 atribui\u00e7\u00e3o nossa,&hellip;<\/p>\n","protected":false},"author":1,"featured_media":16654,"comment_status":"open","ping_status":"open","sticky":false,"template":"","format":"standard","meta":{"footnotes":""},"categories":[1],"tags":[],"class_list":["post-16653","post","type-post","status-publish","format-standard","has-post-thumbnail","hentry","category-noticias"],"_links":{"self":[{"href":"https:\/\/blogdorogeriogomes.com.br\/noticias\/wp-json\/wp\/v2\/posts\/16653","targetHints":{"allow":["GET"]}}],"collection":[{"href":"https:\/\/blogdorogeriogomes.com.br\/noticias\/wp-json\/wp\/v2\/posts"}],"about":[{"href":"https:\/\/blogdorogeriogomes.com.br\/noticias\/wp-json\/wp\/v2\/types\/post"}],"author":[{"embeddable":true,"href":"https:\/\/blogdorogeriogomes.com.br\/noticias\/wp-json\/wp\/v2\/users\/1"}],"replies":[{"embeddable":true,"href":"https:\/\/blogdorogeriogomes.com.br\/noticias\/wp-json\/wp\/v2\/comments?post=16653"}],"version-history":[{"count":2,"href":"https:\/\/blogdorogeriogomes.com.br\/noticias\/wp-json\/wp\/v2\/posts\/16653\/revisions"}],"predecessor-version":[{"id":16658,"href":"https:\/\/blogdorogeriogomes.com.br\/noticias\/wp-json\/wp\/v2\/posts\/16653\/revisions\/16658"}],"wp:featuredmedia":[{"embeddable":true,"href":"https:\/\/blogdorogeriogomes.com.br\/noticias\/wp-json\/wp\/v2\/media\/16654"}],"wp:attachment":[{"href":"https:\/\/blogdorogeriogomes.com.br\/noticias\/wp-json\/wp\/v2\/media?parent=16653"}],"wp:term":[{"taxonomy":"category","embeddable":true,"href":"https:\/\/blogdorogeriogomes.com.br\/noticias\/wp-json\/wp\/v2\/categories?post=16653"},{"taxonomy":"post_tag","embeddable":true,"href":"https:\/\/blogdorogeriogomes.com.br\/noticias\/wp-json\/wp\/v2\/tags?post=16653"}],"curies":[{"name":"wp","href":"https:\/\/api.w.org\/{rel}","templated":true}]}}