{"id":16656,"date":"2020-05-12T11:05:59","date_gmt":"2020-05-12T11:05:59","guid":{"rendered":"http:\/\/blogdorogeriogomes.com.br\/?p=16656"},"modified":"2020-05-12T12:10:58","modified_gmt":"2020-05-12T12:10:58","slug":"bolsonaro-tenta-usar-postagem-falsa-de-deputado-cearense-mas-a-rede-social-apaga-por-se-tratar-de-fake-news","status":"publish","type":"post","link":"https:\/\/blogdorogeriogomes.com.br\/noticias\/2020\/05\/bolsonaro-tenta-usar-postagem-falsa-de-deputado-cearense-mas-a-rede-social-apaga-por-se-tratar-de-fake-news\/","title":{"rendered":"Bolsonaro tenta usar postagem falsa de deputado cearense, mas a rede social apaga por se tratar de fake news"},"content":{"rendered":"\n<p>Not\u00edcias falsas propagadas por deputados bolsonaristas nos \u00faltimos dias buscam sustentar a vers\u00e3o do presidente Jair Bolsonaro de que a pandemia n\u00e3o \u00e9 t\u00e3o perigosa e de que o isolamento social \u00e9 um exagero. Opini\u00f5es que j\u00e1 foram contestadas por m\u00e9dicos, cientistas e pela Organiza\u00e7\u00e3o Mundial da Sa\u00fade (OMS).<\/p>\n\n\n\n<figure class=\"wp-block-image\"><a href=\"https:\/\/www.opovo.com.br\/_midias\/jpg\/2020\/05\/11\/bolsonaro_compartilha_postagem_de_deputado_cearense_e_e_bloqueado_por_conteudo_falso_1-12570956.jpeg\"><img decoding=\"async\" src=\"https:\/\/www.opovo.com.br\/_midias\/jpg\/2020\/05\/11\/300x529\/1_bolsonaro_compartilha_postagem_de_deputado_cearense_e_e_bloqueado_por_conteudo_falso_1-12570956.jpeg\" alt=\"Publica\u00e7\u00e3o compartilhada nos stories do presidente \u00e9 apontada como not\u00edcia falsa; O POVO realizou checagem e confirmou que os dados s\u00e3o inver\u00eddicos\"\/><\/a><\/figure>\n\n\n\n<p>Nesta segunda-feira \u00e0 noite, dia 11 de maio,  Jair Bolsonaro compartilhou em seu Instagram, uma publica\u00e7\u00e3o do deputado cearense Andr\u00e9 Fernandes (PSL) que foi classificada como conte\u00fado falso. A rede social possui uma ferramenta de verifica\u00e7\u00e3o de fake news&nbsp;em parceria com ag\u00eancias de checagem de fatos.<\/p>\n\n\n\n<p>A publica\u00e7\u00e3o tratava sobre suposta queda nas mortes por problemas respirat\u00f3rios no Cear\u00e1 entre 2019 e 2020. O conte\u00fado \u00e9 equivocado, porque a listagem usada pelo deputado inclui mortes por todas as doen\u00e7as no ano passado, n\u00e3o apenas as respirat\u00f3rias, e ainda h\u00e1 \u00f3bitos a serem inclu\u00eddos na contagem deste ano.&nbsp;<\/p>\n\n\n\n<p>Andr\u00e9 Fernandes enfrenta um processo na Comiss\u00e3o de \u00c9tica da Assembleia Legislativa do Cear\u00e1 por ter acusado um colega parlamentar de envolvimento com o crime organizado sem apresentar nenhuma prova. Mesmo atrav\u00e9s de sess\u00e3o remota, o relat\u00f3rio que pede a suspens\u00e3o do deputado bolsonarista por 30 dias j\u00e1 est\u00e1 pronto para ser votado em plen\u00e1rio da Assembleia Legislativa.<\/p>\n","protected":false},"excerpt":{"rendered":"<p>Not\u00edcias falsas propagadas por deputados bolsonaristas nos \u00faltimos dias buscam sustentar a vers\u00e3o do presidente Jair Bolsonaro de que a pandemia n\u00e3o \u00e9 t\u00e3o perigosa e de que o isolamento social \u00e9 um exagero. Opini\u00f5es que j\u00e1 foram contestadas por m\u00e9dicos, cientistas e pela Organiza\u00e7\u00e3o Mundial da Sa\u00fade (OMS). Nesta segunda-feira \u00e0 noite, dia 11 de maio, Jair Bolsonaro compartilhou em seu Instagram, uma publica\u00e7\u00e3o do deputado cearense Andr\u00e9 Fernandes (PSL) que foi classificada como conte\u00fado falso. A rede&hellip;<\/p>\n","protected":false},"author":1,"featured_media":16661,"comment_status":"open","ping_status":"open","sticky":false,"template":"","format":"standard","meta":{"footnotes":""},"categories":[1],"tags":[],"class_list":["post-16656","post","type-post","status-publish","format-standard","has-post-thumbnail","hentry","category-noticias"],"_links":{"self":[{"href":"https:\/\/blogdorogeriogomes.com.br\/noticias\/wp-json\/wp\/v2\/posts\/16656","targetHints":{"allow":["GET"]}}],"collection":[{"href":"https:\/\/blogdorogeriogomes.com.br\/noticias\/wp-json\/wp\/v2\/posts"}],"about":[{"href":"https:\/\/blogdorogeriogomes.com.br\/noticias\/wp-json\/wp\/v2\/types\/post"}],"author":[{"embeddable":true,"href":"https:\/\/blogdorogeriogomes.com.br\/noticias\/wp-json\/wp\/v2\/users\/1"}],"replies":[{"embeddable":true,"href":"https:\/\/blogdorogeriogomes.com.br\/noticias\/wp-json\/wp\/v2\/comments?post=16656"}],"version-history":[{"count":2,"href":"https:\/\/blogdorogeriogomes.com.br\/noticias\/wp-json\/wp\/v2\/posts\/16656\/revisions"}],"predecessor-version":[{"id":16662,"href":"https:\/\/blogdorogeriogomes.com.br\/noticias\/wp-json\/wp\/v2\/posts\/16656\/revisions\/16662"}],"wp:featuredmedia":[{"embeddable":true,"href":"https:\/\/blogdorogeriogomes.com.br\/noticias\/wp-json\/wp\/v2\/media\/16661"}],"wp:attachment":[{"href":"https:\/\/blogdorogeriogomes.com.br\/noticias\/wp-json\/wp\/v2\/media?parent=16656"}],"wp:term":[{"taxonomy":"category","embeddable":true,"href":"https:\/\/blogdorogeriogomes.com.br\/noticias\/wp-json\/wp\/v2\/categories?post=16656"},{"taxonomy":"post_tag","embeddable":true,"href":"https:\/\/blogdorogeriogomes.com.br\/noticias\/wp-json\/wp\/v2\/tags?post=16656"}],"curies":[{"name":"wp","href":"https:\/\/api.w.org\/{rel}","templated":true}]}}