{"id":16663,"date":"2020-05-12T19:50:26","date_gmt":"2020-05-12T19:50:26","guid":{"rendered":"http:\/\/blogdorogeriogomes.com.br\/?p=16663"},"modified":"2020-05-13T12:31:56","modified_gmt":"2020-05-13T12:31:56","slug":"conteudo-do-video-da-reuniao-ministerial-com-bolsonaro-confirma-versao-de-sergio-moro-diz-a-defesa-do-ex-juiz","status":"publish","type":"post","link":"https:\/\/blogdorogeriogomes.com.br\/noticias\/2020\/05\/conteudo-do-video-da-reuniao-ministerial-com-bolsonaro-confirma-versao-de-sergio-moro-diz-a-defesa-do-ex-juiz\/","title":{"rendered":"Conte\u00fado do v\u00eddeo da reuni\u00e3o ministerial com Bolsonaro confirma vers\u00e3o de S\u00e9rgio Moro, diz a defesa do ex-juiz"},"content":{"rendered":"\n<p>O v\u00eddeo da reuni\u00e3o de Bolsonaro com ministros, que faz parte das provas que o ex-juiz S\u00e9rgio Moro diz ter sobre a tentativa de interfer\u00eancia do Presidente na Pol\u00edcia Federal, foi exibido nesta ter\u00e7a-feira, dia 12 de maio, na PF em Bras\u00edlia. S\u00e9rgio Moro acompanhou presencialmente a exibi\u00e7\u00e3o ao lado de integrantes da Procuradoria-Geral da Rep\u00fablica, advogados do ex-ministro e integrantes do Governo Federal e da PF. A informa\u00e7\u00e3o \u00e9 que o v\u00eddeo foi exibido com a \u00edntegra da reuni\u00e3o.<\/p>\n\n\n\n<p>Segundo informa\u00e7\u00f5es obtidas pelo Portal G1, o v\u00eddeo mostra que o presidente Jair Bolsonaro vinculou a mudan\u00e7a do superintendente da Pol\u00edcia Federal do Rio Janeiro a uma prote\u00e7\u00e3o de sua fam\u00edlia. Na reuni\u00e3o ministerial, o Presidente da Rep\u00fablica teria afirmado que os familiares estariam sendo perseguidos. Bolsonaro teria dito que n\u00e3o poderia ser surpreendido com informa\u00e7\u00f5es da PF e que ent\u00e3o trocaria, se fosse necess\u00e1rio, o comando da PF e at\u00e9 o ministro da Justi\u00e7a, na ocasi\u00e3o, Sergio Moro. A vers\u00e3o \u00e9 a mesma dita por Moro quando pediu demiss\u00e3o do Minist\u00e9rio da Justi\u00e7a.<\/p>\n\n\n\n<p>O novo diretor-geral da PF, Rolando Souza, decidiu trocar a chefia da Superintend\u00eancia da PF no Rio de Janeiro, foco de interesse da fam\u00edlia de Jair Bolsonaro.<\/p>\n\n\n\n<p>Em tempo: a avalia\u00e7\u00e3o negativa (ruim ou p\u00e9ssimo) do Governo Bolsonaro subiu 12,4 pontos percentuais, de 31% para 43,4%, entre janeiro e maio deste ano, segundo pesquisa da Confederacao Nacional dos Transportes (CNT\/MDA), divulgada nesta ter\u00e7a-feira, dia 12. A positiva (boa ou \u00f3tima) oscilou negativamente de 34,5% para 32% nesse per\u00edodo.<\/p>\n\n\n\n<figure class=\"wp-block-gallery columns-1 is-cropped wp-block-gallery-1 is-layout-flex wp-block-gallery-is-layout-flex\"><ul class=\"blocks-gallery-grid\"><li class=\"blocks-gallery-item\"><figure><img loading=\"lazy\" decoding=\"async\" width=\"737\" height=\"416\" src=\"http:\/\/blogdorogeriogomes.com.br\/wp-content\/uploads\/2020\/05\/images-7-1.jpeg\" alt=\"\" data-id=\"16664\" data-full-url=\"http:\/\/blogdorogeriogomes.com.br\/wp-content\/uploads\/2020\/05\/images-7-1.jpeg\" data-link=\"http:\/\/blogdorogeriogomes.com.br\/?attachment_id=16664\" class=\"wp-image-16664\" srcset=\"https:\/\/blogdorogeriogomes.com.br\/noticias\/wp-content\/uploads\/2020\/05\/images-7-1.jpeg 737w, https:\/\/blogdorogeriogomes.com.br\/noticias\/wp-content\/uploads\/2020\/05\/images-7-1-300x169.jpeg 300w\" sizes=\"auto, (max-width: 737px) 100vw, 737px\" \/><\/figure><\/li><\/ul><\/figure>\n","protected":false},"excerpt":{"rendered":"<p>O v\u00eddeo da reuni\u00e3o de Bolsonaro com ministros, que faz parte das provas que o ex-juiz S\u00e9rgio Moro diz ter sobre a tentativa de interfer\u00eancia do Presidente na Pol\u00edcia Federal, foi exibido nesta ter\u00e7a-feira, dia 12 de maio, na PF em Bras\u00edlia. S\u00e9rgio Moro acompanhou presencialmente a exibi\u00e7\u00e3o ao lado de integrantes da Procuradoria-Geral da Rep\u00fablica, advogados do ex-ministro e integrantes do Governo Federal e da PF. A informa\u00e7\u00e3o \u00e9 que o v\u00eddeo foi exibido com a \u00edntegra da&hellip;<\/p>\n","protected":false},"author":1,"featured_media":16664,"comment_status":"open","ping_status":"open","sticky":false,"template":"","format":"standard","meta":{"footnotes":""},"categories":[1],"tags":[],"class_list":["post-16663","post","type-post","status-publish","format-standard","has-post-thumbnail","hentry","category-noticias"],"_links":{"self":[{"href":"https:\/\/blogdorogeriogomes.com.br\/noticias\/wp-json\/wp\/v2\/posts\/16663","targetHints":{"allow":["GET"]}}],"collection":[{"href":"https:\/\/blogdorogeriogomes.com.br\/noticias\/wp-json\/wp\/v2\/posts"}],"about":[{"href":"https:\/\/blogdorogeriogomes.com.br\/noticias\/wp-json\/wp\/v2\/types\/post"}],"author":[{"embeddable":true,"href":"https:\/\/blogdorogeriogomes.com.br\/noticias\/wp-json\/wp\/v2\/users\/1"}],"replies":[{"embeddable":true,"href":"https:\/\/blogdorogeriogomes.com.br\/noticias\/wp-json\/wp\/v2\/comments?post=16663"}],"version-history":[{"count":1,"href":"https:\/\/blogdorogeriogomes.com.br\/noticias\/wp-json\/wp\/v2\/posts\/16663\/revisions"}],"predecessor-version":[{"id":16665,"href":"https:\/\/blogdorogeriogomes.com.br\/noticias\/wp-json\/wp\/v2\/posts\/16663\/revisions\/16665"}],"wp:featuredmedia":[{"embeddable":true,"href":"https:\/\/blogdorogeriogomes.com.br\/noticias\/wp-json\/wp\/v2\/media\/16664"}],"wp:attachment":[{"href":"https:\/\/blogdorogeriogomes.com.br\/noticias\/wp-json\/wp\/v2\/media?parent=16663"}],"wp:term":[{"taxonomy":"category","embeddable":true,"href":"https:\/\/blogdorogeriogomes.com.br\/noticias\/wp-json\/wp\/v2\/categories?post=16663"},{"taxonomy":"post_tag","embeddable":true,"href":"https:\/\/blogdorogeriogomes.com.br\/noticias\/wp-json\/wp\/v2\/tags?post=16663"}],"curies":[{"name":"wp","href":"https:\/\/api.w.org\/{rel}","templated":true}]}}