{"id":16672,"date":"2020-05-13T11:35:59","date_gmt":"2020-05-13T11:35:59","guid":{"rendered":"http:\/\/blogdorogeriogomes.com.br\/?p=16672"},"modified":"2020-05-13T12:32:32","modified_gmt":"2020-05-13T12:32:32","slug":"ministro-celso-de-mello-da-prazo-de-48-horas-para-definir-sobre-sigilo-do-video-de-reuniao-ministerial","status":"publish","type":"post","link":"https:\/\/blogdorogeriogomes.com.br\/noticias\/2020\/05\/ministro-celso-de-mello-da-prazo-de-48-horas-para-definir-sobre-sigilo-do-video-de-reuniao-ministerial\/","title":{"rendered":"Ministro Celso de Mello d\u00e1 prazo de 48 horas para definir sobre sigilo do v\u00eddeo de reuni\u00e3o ministerial"},"content":{"rendered":"\n<p>O ministro Celso de Mello, do STF, deu um prazo de 48 horas para que o Governo Federal, por meio da Advocacia-Geral da Uni\u00e3o (AGU), a Procuradoria-Geral da Rep\u00fablica e a defesa do ex-ministro Sergio Moro se manifestem sobre o sigilo do v\u00eddeo da reuni\u00e3o ministerial do dia 22 de abril. De acordo com a defesa do ex-juiz, &#8220;o material confirma integralmente as declara\u00e7\u00f5es do ex-ministro Sergio Moro na entrevista coletiva de 24 de abril e no depoimento prestado \u00e0 PF em 2 de maio&#8221;.<\/p>\n\n\n\n<p>No termo do depoimento prestado pelo ministro-chefe do GSI (Gabinete de Seguran\u00e7a Institucional) da Presid\u00eancia, o general Augusto Heleno, os investigadores fizeram constar a informa\u00e7\u00e3o de que o presidente Jair Bolsonaro falou em &#8220;proteger seus familiares e amigos&#8221; durante a reuni\u00e3o ministerial. A inten\u00e7\u00e3o de utilizar a troca do superintendente da PF no Rio de Janeiro para atender interesses familiares pode incriminar Bolsonaro e gerar uma den\u00fancia da PGR contra ele.<\/p>\n\n\n\n<p>O v\u00eddeo permanece em segredo de Justi\u00e7a no inqu\u00e9rito relatado pelo ministro do STF Celso de Mello e foi exibido na PF de Bras\u00edlia para as partes relacionadas \u00e0 investiga\u00e7\u00e3o. Informa\u00e7\u00f5es sobre o conte\u00fado vazaram para a imprensa e aumentaram o clima de tens\u00e3o pol\u00edtica em Bras\u00edlia.<\/p>\n\n\n\n<figure class=\"wp-block-gallery columns-1 is-cropped wp-block-gallery-1 is-layout-flex wp-block-gallery-is-layout-flex\"><ul class=\"blocks-gallery-grid\"><li class=\"blocks-gallery-item\"><figure><img loading=\"lazy\" decoding=\"async\" width=\"718\" height=\"427\" src=\"http:\/\/blogdorogeriogomes.com.br\/wp-content\/uploads\/2020\/05\/images-8-1.jpeg\" alt=\"\" data-id=\"16673\" data-full-url=\"http:\/\/blogdorogeriogomes.com.br\/wp-content\/uploads\/2020\/05\/images-8-1.jpeg\" data-link=\"http:\/\/blogdorogeriogomes.com.br\/?attachment_id=16673\" class=\"wp-image-16673\" srcset=\"https:\/\/blogdorogeriogomes.com.br\/noticias\/wp-content\/uploads\/2020\/05\/images-8-1.jpeg 718w, https:\/\/blogdorogeriogomes.com.br\/noticias\/wp-content\/uploads\/2020\/05\/images-8-1-300x178.jpeg 300w\" sizes=\"auto, (max-width: 718px) 100vw, 718px\" \/><\/figure><\/li><\/ul><\/figure>\n","protected":false},"excerpt":{"rendered":"<p>O ministro Celso de Mello, do STF, deu um prazo de 48 horas para que o Governo Federal, por meio da Advocacia-Geral da Uni\u00e3o (AGU), a Procuradoria-Geral da Rep\u00fablica e a defesa do ex-ministro Sergio Moro se manifestem sobre o sigilo do v\u00eddeo da reuni\u00e3o ministerial do dia 22 de abril. De acordo com a defesa do ex-juiz, &#8220;o material confirma integralmente as declara\u00e7\u00f5es do ex-ministro Sergio Moro na entrevista coletiva de 24 de abril e no depoimento prestado&hellip;<\/p>\n","protected":false},"author":1,"featured_media":16673,"comment_status":"open","ping_status":"open","sticky":false,"template":"","format":"standard","meta":{"footnotes":""},"categories":[1],"tags":[],"class_list":["post-16672","post","type-post","status-publish","format-standard","has-post-thumbnail","hentry","category-noticias"],"_links":{"self":[{"href":"https:\/\/blogdorogeriogomes.com.br\/noticias\/wp-json\/wp\/v2\/posts\/16672","targetHints":{"allow":["GET"]}}],"collection":[{"href":"https:\/\/blogdorogeriogomes.com.br\/noticias\/wp-json\/wp\/v2\/posts"}],"about":[{"href":"https:\/\/blogdorogeriogomes.com.br\/noticias\/wp-json\/wp\/v2\/types\/post"}],"author":[{"embeddable":true,"href":"https:\/\/blogdorogeriogomes.com.br\/noticias\/wp-json\/wp\/v2\/users\/1"}],"replies":[{"embeddable":true,"href":"https:\/\/blogdorogeriogomes.com.br\/noticias\/wp-json\/wp\/v2\/comments?post=16672"}],"version-history":[{"count":1,"href":"https:\/\/blogdorogeriogomes.com.br\/noticias\/wp-json\/wp\/v2\/posts\/16672\/revisions"}],"predecessor-version":[{"id":16674,"href":"https:\/\/blogdorogeriogomes.com.br\/noticias\/wp-json\/wp\/v2\/posts\/16672\/revisions\/16674"}],"wp:featuredmedia":[{"embeddable":true,"href":"https:\/\/blogdorogeriogomes.com.br\/noticias\/wp-json\/wp\/v2\/media\/16673"}],"wp:attachment":[{"href":"https:\/\/blogdorogeriogomes.com.br\/noticias\/wp-json\/wp\/v2\/media?parent=16672"}],"wp:term":[{"taxonomy":"category","embeddable":true,"href":"https:\/\/blogdorogeriogomes.com.br\/noticias\/wp-json\/wp\/v2\/categories?post=16672"},{"taxonomy":"post_tag","embeddable":true,"href":"https:\/\/blogdorogeriogomes.com.br\/noticias\/wp-json\/wp\/v2\/tags?post=16672"}],"curies":[{"name":"wp","href":"https:\/\/api.w.org\/{rel}","templated":true}]}}