{"id":16676,"date":"2020-05-13T20:06:29","date_gmt":"2020-05-13T20:06:29","guid":{"rendered":"http:\/\/blogdorogeriogomes.com.br\/?p=16676"},"modified":"2020-05-14T12:57:29","modified_gmt":"2020-05-14T12:57:29","slug":"dr-cabeto-alerta-que-flexibilizacao-do-isolamento-social-so-ira-acontecer-com-a-estabilizacao-do-numero-de-mortes-no-ceara","status":"publish","type":"post","link":"https:\/\/blogdorogeriogomes.com.br\/noticias\/2020\/05\/dr-cabeto-alerta-que-flexibilizacao-do-isolamento-social-so-ira-acontecer-com-a-estabilizacao-do-numero-de-mortes-no-ceara\/","title":{"rendered":"Dr. Cabeto alerta que flexibiliza\u00e7\u00e3o do isolamento social s\u00f3 ir\u00e1 acontecer com a estabiliza\u00e7\u00e3o do n\u00famero de mortes no Cear\u00e1"},"content":{"rendered":"\n<p>O secret\u00e1rio de Sa\u00fade do Cear\u00e1, Dr. Cabeto, avalia que o Governo do Cear\u00e1 s\u00f3 pode planejar uma sa\u00edda do isolamento social quando o Estado, principalmente Fortaleza, onde est\u00e1 o maior foco de casos, apresentar uma queda no n\u00famero de interna\u00e7\u00f5es e houver uma estabiliza\u00e7\u00e3o no n\u00famero de mortos por pelo menos duas semanas. A partir da\u00ed, o Estado deve apresentar um plano para a flexibiliza\u00e7\u00e3o no funcionamento do com\u00e9rcio. At\u00e9 o in\u00edcio da tarde desta quarta-feira, dia 13 de maio, o Cear\u00e1 registrava 18.971 casos confirmados da Covid-19, 1.357 mortes e 9.846 pessoas recuperadas da doen\u00e7a.<br>Em entrevista \u00e0 r\u00e1dio O Povo\/CBN, Dr. Cabeto esclarece ainda sobre cr\u00edticas ou not\u00edcias falsas relacionadas \u00e0s compras de respiradores para o tratamento da doen\u00e7a no Cear\u00e1. &#8220;Leito de UTI n\u00e3o \u00e9 simplesmente comprar respirador. Precisa de monitor, de doutor qualificado, precisa de insumo, \u00e9 uma estrutura muito cara&#8221;, observou. &#8220;As pessoas compararam um Estado que comprou respirador de transporte, maquinas de uso domiciliar de fato com respiradores de alto padr\u00e3o para tratar de doen\u00e7as com s\u00edndromes respirat\u00f3rias. Esses valores de mercado tem sido muito variados&#8221;, completou o secret\u00e1rio de Sa\u00fade do Estado.<\/p>\n\n\n\n<figure class=\"wp-block-gallery columns-1 is-cropped wp-block-gallery-1 is-layout-flex wp-block-gallery-is-layout-flex\"><ul class=\"blocks-gallery-grid\"><li class=\"blocks-gallery-item\"><figure><img loading=\"lazy\" decoding=\"async\" width=\"700\" height=\"438\" src=\"http:\/\/blogdorogeriogomes.com.br\/wp-content\/uploads\/2020\/05\/images-9-2.jpeg\" alt=\"\" data-id=\"16677\" data-full-url=\"http:\/\/blogdorogeriogomes.com.br\/wp-content\/uploads\/2020\/05\/images-9-2.jpeg\" data-link=\"http:\/\/blogdorogeriogomes.com.br\/?attachment_id=16677\" class=\"wp-image-16677\" srcset=\"https:\/\/blogdorogeriogomes.com.br\/noticias\/wp-content\/uploads\/2020\/05\/images-9-2.jpeg 700w, https:\/\/blogdorogeriogomes.com.br\/noticias\/wp-content\/uploads\/2020\/05\/images-9-2-300x188.jpeg 300w\" sizes=\"auto, (max-width: 700px) 100vw, 700px\" \/><\/figure><\/li><\/ul><\/figure>\n","protected":false},"excerpt":{"rendered":"<p>O secret\u00e1rio de Sa\u00fade do Cear\u00e1, Dr. Cabeto, avalia que o Governo do Cear\u00e1 s\u00f3 pode planejar uma sa\u00edda do isolamento social quando o Estado, principalmente Fortaleza, onde est\u00e1 o maior foco de casos, apresentar uma queda no n\u00famero de interna\u00e7\u00f5es e houver uma estabiliza\u00e7\u00e3o no n\u00famero de mortos por pelo menos duas semanas. A partir da\u00ed, o Estado deve apresentar um plano para a flexibiliza\u00e7\u00e3o no funcionamento do com\u00e9rcio. At\u00e9 o in\u00edcio da tarde desta quarta-feira, dia 13&hellip;<\/p>\n","protected":false},"author":1,"featured_media":16677,"comment_status":"open","ping_status":"open","sticky":false,"template":"","format":"standard","meta":{"footnotes":""},"categories":[1],"tags":[],"class_list":["post-16676","post","type-post","status-publish","format-standard","has-post-thumbnail","hentry","category-noticias"],"_links":{"self":[{"href":"https:\/\/blogdorogeriogomes.com.br\/noticias\/wp-json\/wp\/v2\/posts\/16676","targetHints":{"allow":["GET"]}}],"collection":[{"href":"https:\/\/blogdorogeriogomes.com.br\/noticias\/wp-json\/wp\/v2\/posts"}],"about":[{"href":"https:\/\/blogdorogeriogomes.com.br\/noticias\/wp-json\/wp\/v2\/types\/post"}],"author":[{"embeddable":true,"href":"https:\/\/blogdorogeriogomes.com.br\/noticias\/wp-json\/wp\/v2\/users\/1"}],"replies":[{"embeddable":true,"href":"https:\/\/blogdorogeriogomes.com.br\/noticias\/wp-json\/wp\/v2\/comments?post=16676"}],"version-history":[{"count":1,"href":"https:\/\/blogdorogeriogomes.com.br\/noticias\/wp-json\/wp\/v2\/posts\/16676\/revisions"}],"predecessor-version":[{"id":16678,"href":"https:\/\/blogdorogeriogomes.com.br\/noticias\/wp-json\/wp\/v2\/posts\/16676\/revisions\/16678"}],"wp:featuredmedia":[{"embeddable":true,"href":"https:\/\/blogdorogeriogomes.com.br\/noticias\/wp-json\/wp\/v2\/media\/16677"}],"wp:attachment":[{"href":"https:\/\/blogdorogeriogomes.com.br\/noticias\/wp-json\/wp\/v2\/media?parent=16676"}],"wp:term":[{"taxonomy":"category","embeddable":true,"href":"https:\/\/blogdorogeriogomes.com.br\/noticias\/wp-json\/wp\/v2\/categories?post=16676"},{"taxonomy":"post_tag","embeddable":true,"href":"https:\/\/blogdorogeriogomes.com.br\/noticias\/wp-json\/wp\/v2\/tags?post=16676"}],"curies":[{"name":"wp","href":"https:\/\/api.w.org\/{rel}","templated":true}]}}