{"id":16679,"date":"2020-05-13T23:13:50","date_gmt":"2020-05-13T23:13:50","guid":{"rendered":"http:\/\/blogdorogeriogomes.com.br\/?p=16679"},"modified":"2020-05-14T12:57:17","modified_gmt":"2020-05-14T12:57:17","slug":"hospital-de-campanha-do-pv-chega-a-93-de-ocupacao-e-vai-receber-nova-ampliacao-diz-prefeito","status":"publish","type":"post","link":"https:\/\/blogdorogeriogomes.com.br\/noticias\/2020\/05\/hospital-de-campanha-do-pv-chega-a-93-de-ocupacao-e-vai-receber-nova-ampliacao-diz-prefeito\/","title":{"rendered":"Hospital de campanha do PV chega a 93% de ocupa\u00e7\u00e3o e vai receber nova amplia\u00e7\u00e3o, diz prefeito"},"content":{"rendered":"\n<p>No momento em que o Cear\u00e1 atingiu 744 novos casos e 109 novas mortes nas \u00faltimas 24 horas, o prefeito de Fortaleza, Roberto Cl\u00e1udio anunciou a cria\u00e7\u00e3o de um anexo ao Hospital de Campanha do est\u00e1dio Presidente Vargas (PV) com mais 56 leitos na pr\u00f3xima semana. A unidade atingiu 93% de ocupa\u00e7\u00e3o dos seus 224 leitos.&nbsp;As obras para implementa\u00e7\u00e3o da expans\u00e3o do Hospital do PV j\u00e1 est\u00e3o em andamento.<\/p>\n\n\n\n<p>Os n\u00fameros consolidados pela Secretaria de Sa\u00fade do Estado nesta quarta-feira, dia 13 de maio, mostram que o Cear\u00e1 est\u00e1 com 19.156 casos confirmados, 1.389 mortes e 9.796 pessoas recuperadas de Covid-19. \u00c9 o segundo estado com maior n\u00famero de casos de novo coronav\u00edrus no Brasil.<\/p>\n\n\n\n<p>O governador Camilo Santana confirmou hoje que mais dois hospitais de campanha ser\u00e3o constru\u00eddos nos munic\u00edpios de Caucaia e Maracana\u00fa, na Regi\u00e3o Metropolitana de Fortaleza. Ser\u00e3o mais 80 leitos \u00e0 disposi\u00e7\u00e3o&nbsp;de pacientes infectados pela Covid-19.<\/p>\n\n\n\n<figure class=\"wp-block-gallery columns-1 is-cropped wp-block-gallery-1 is-layout-flex wp-block-gallery-is-layout-flex\"><ul class=\"blocks-gallery-grid\"><li class=\"blocks-gallery-item\"><figure><img loading=\"lazy\" decoding=\"async\" width=\"678\" height=\"452\" src=\"http:\/\/blogdorogeriogomes.com.br\/wp-content\/uploads\/2020\/05\/images-10-1.jpeg\" alt=\"\" data-id=\"16680\" data-full-url=\"http:\/\/blogdorogeriogomes.com.br\/wp-content\/uploads\/2020\/05\/images-10-1.jpeg\" data-link=\"http:\/\/blogdorogeriogomes.com.br\/?attachment_id=16680\" class=\"wp-image-16680\" srcset=\"https:\/\/blogdorogeriogomes.com.br\/noticias\/wp-content\/uploads\/2020\/05\/images-10-1.jpeg 678w, https:\/\/blogdorogeriogomes.com.br\/noticias\/wp-content\/uploads\/2020\/05\/images-10-1-300x200.jpeg 300w\" sizes=\"auto, (max-width: 678px) 100vw, 678px\" \/><\/figure><\/li><\/ul><\/figure>\n","protected":false},"excerpt":{"rendered":"<p>No momento em que o Cear\u00e1 atingiu 744 novos casos e 109 novas mortes nas \u00faltimas 24 horas, o prefeito de Fortaleza, Roberto Cl\u00e1udio anunciou a cria\u00e7\u00e3o de um anexo ao Hospital de Campanha do est\u00e1dio Presidente Vargas (PV) com mais 56 leitos na pr\u00f3xima semana. A unidade atingiu 93% de ocupa\u00e7\u00e3o dos seus 224 leitos.&nbsp;As obras para implementa\u00e7\u00e3o da expans\u00e3o do Hospital do PV j\u00e1 est\u00e3o em andamento. Os n\u00fameros consolidados pela Secretaria de Sa\u00fade do Estado nesta&hellip;<\/p>\n","protected":false},"author":1,"featured_media":16680,"comment_status":"open","ping_status":"open","sticky":false,"template":"","format":"standard","meta":{"footnotes":""},"categories":[1],"tags":[],"class_list":["post-16679","post","type-post","status-publish","format-standard","has-post-thumbnail","hentry","category-noticias"],"_links":{"self":[{"href":"https:\/\/blogdorogeriogomes.com.br\/noticias\/wp-json\/wp\/v2\/posts\/16679","targetHints":{"allow":["GET"]}}],"collection":[{"href":"https:\/\/blogdorogeriogomes.com.br\/noticias\/wp-json\/wp\/v2\/posts"}],"about":[{"href":"https:\/\/blogdorogeriogomes.com.br\/noticias\/wp-json\/wp\/v2\/types\/post"}],"author":[{"embeddable":true,"href":"https:\/\/blogdorogeriogomes.com.br\/noticias\/wp-json\/wp\/v2\/users\/1"}],"replies":[{"embeddable":true,"href":"https:\/\/blogdorogeriogomes.com.br\/noticias\/wp-json\/wp\/v2\/comments?post=16679"}],"version-history":[{"count":2,"href":"https:\/\/blogdorogeriogomes.com.br\/noticias\/wp-json\/wp\/v2\/posts\/16679\/revisions"}],"predecessor-version":[{"id":16688,"href":"https:\/\/blogdorogeriogomes.com.br\/noticias\/wp-json\/wp\/v2\/posts\/16679\/revisions\/16688"}],"wp:featuredmedia":[{"embeddable":true,"href":"https:\/\/blogdorogeriogomes.com.br\/noticias\/wp-json\/wp\/v2\/media\/16680"}],"wp:attachment":[{"href":"https:\/\/blogdorogeriogomes.com.br\/noticias\/wp-json\/wp\/v2\/media?parent=16679"}],"wp:term":[{"taxonomy":"category","embeddable":true,"href":"https:\/\/blogdorogeriogomes.com.br\/noticias\/wp-json\/wp\/v2\/categories?post=16679"},{"taxonomy":"post_tag","embeddable":true,"href":"https:\/\/blogdorogeriogomes.com.br\/noticias\/wp-json\/wp\/v2\/tags?post=16679"}],"curies":[{"name":"wp","href":"https:\/\/api.w.org\/{rel}","templated":true}]}}