{"id":16682,"date":"2020-05-14T11:44:57","date_gmt":"2020-05-14T11:44:57","guid":{"rendered":"http:\/\/blogdorogeriogomes.com.br\/?p=16682"},"modified":"2020-05-14T12:57:06","modified_gmt":"2020-05-14T12:57:06","slug":"partidos-de-oposicao-no-congresso-querem-aumentar-o-numero-de-parcelas-do-auxilio-emergencial","status":"publish","type":"post","link":"https:\/\/blogdorogeriogomes.com.br\/noticias\/2020\/05\/partidos-de-oposicao-no-congresso-querem-aumentar-o-numero-de-parcelas-do-auxilio-emergencial\/","title":{"rendered":"Partidos de oposi\u00e7\u00e3o no Congresso querem aumentar o n\u00famero de parcelas do aux\u00edlio emergencial"},"content":{"rendered":"\n<p>Trabalhadores aut\u00f4nomos e desempregados ainda aguardam a data da segunda parcela do aux\u00edlio emergencial pelo Governo Federal. O problema \u00e9 que ainda h\u00e1 pessoas que n\u00e3o receberam nem a primeira das tr\u00eas parcelas programadas. Mas a bancada de oposi\u00e7\u00e3o no Congresso Nacional quer aumentar o n\u00famero de parcelas pagas \u00e0 popula\u00e7\u00e3o mais vulner\u00e1vel nesse per\u00edodo de pandemia da Covid-19. A oposi\u00e7\u00e3o quer estender a dura\u00e7\u00e3o do pagamento do aux\u00edlio emergencial de R$ 600 a pessoas de baixa renda. O Governo Federal resiste em avan\u00e7ar com a ideia no momento.<\/p>\n\n\n\n<p>A primeira parcela come\u00e7ou a ser depositada em abril. Apesar de o Governo planejar o pagamento da segunda parcela, j\u00e1 atrasada, nem todas as pessoas eleg\u00edveis receberam a primeira. Persistem relatos de problemas de acesso ao aplicativo criado para cadastros, aceita\u00e7\u00e3o de CPFs e filas em ag\u00eancias da Caixa Econ\u00f4mica.<\/p>\n\n\n\n<p>O PT e o PSOL apresentaram projetos para que o aux\u00edlio seja pago at\u00e9 o final do ano, tomando como base justamente a previs\u00e3o de calamidade do Governo Federal. A estimativa na C\u00e2mara dos Deputados \u00e9 que o aux\u00edlio emergencial at\u00e9 dezembro custaria R$ 196 bilh\u00f5es e atenderia 54 milh\u00f5es de pessoas.<\/p>\n\n\n\n<p>Em tempo: o Tribunal de Contas da Uni\u00e3o (TCU) determinou que os mais de 73 mil militares que receberam o aux\u00edlio emergencial de forma irregular devolvam integralmente o valor do benef\u00edcio. A decis\u00e3o liminar, assinada pelo ministro Bruno Dantas, ainda definiu que, caso os montantes n\u00e3o sejam ressarcidos at\u00e9 o fechamento da folha de pagamento de maio, o valor recebido irregularmente ser\u00e1 descontado do sal\u00e1rio do militar.<\/p>\n\n\n\n<p><\/p>\n\n\n\n<figure class=\"wp-block-gallery columns-1 is-cropped wp-block-gallery-1 is-layout-flex wp-block-gallery-is-layout-flex\"><ul class=\"blocks-gallery-grid\"><li class=\"blocks-gallery-item\"><figure><img loading=\"lazy\" decoding=\"async\" width=\"715\" height=\"429\" src=\"http:\/\/blogdorogeriogomes.com.br\/wp-content\/uploads\/2020\/05\/images-11-1.jpeg\" alt=\"\" data-id=\"16683\" data-full-url=\"http:\/\/blogdorogeriogomes.com.br\/wp-content\/uploads\/2020\/05\/images-11-1.jpeg\" data-link=\"http:\/\/blogdorogeriogomes.com.br\/?attachment_id=16683\" class=\"wp-image-16683\" srcset=\"https:\/\/blogdorogeriogomes.com.br\/noticias\/wp-content\/uploads\/2020\/05\/images-11-1.jpeg 715w, https:\/\/blogdorogeriogomes.com.br\/noticias\/wp-content\/uploads\/2020\/05\/images-11-1-300x180.jpeg 300w\" sizes=\"auto, (max-width: 715px) 100vw, 715px\" \/><\/figure><\/li><\/ul><\/figure>\n","protected":false},"excerpt":{"rendered":"<p>Trabalhadores aut\u00f4nomos e desempregados ainda aguardam a data da segunda parcela do aux\u00edlio emergencial pelo Governo Federal. O problema \u00e9 que ainda h\u00e1 pessoas que n\u00e3o receberam nem a primeira das tr\u00eas parcelas programadas. Mas a bancada de oposi\u00e7\u00e3o no Congresso Nacional quer aumentar o n\u00famero de parcelas pagas \u00e0 popula\u00e7\u00e3o mais vulner\u00e1vel nesse per\u00edodo de pandemia da Covid-19. A oposi\u00e7\u00e3o quer estender a dura\u00e7\u00e3o do pagamento do aux\u00edlio emergencial de R$ 600 a pessoas de baixa renda. O&hellip;<\/p>\n","protected":false},"author":1,"featured_media":16683,"comment_status":"open","ping_status":"open","sticky":false,"template":"","format":"standard","meta":{"footnotes":""},"categories":[1],"tags":[],"class_list":["post-16682","post","type-post","status-publish","format-standard","has-post-thumbnail","hentry","category-noticias"],"_links":{"self":[{"href":"https:\/\/blogdorogeriogomes.com.br\/noticias\/wp-json\/wp\/v2\/posts\/16682","targetHints":{"allow":["GET"]}}],"collection":[{"href":"https:\/\/blogdorogeriogomes.com.br\/noticias\/wp-json\/wp\/v2\/posts"}],"about":[{"href":"https:\/\/blogdorogeriogomes.com.br\/noticias\/wp-json\/wp\/v2\/types\/post"}],"author":[{"embeddable":true,"href":"https:\/\/blogdorogeriogomes.com.br\/noticias\/wp-json\/wp\/v2\/users\/1"}],"replies":[{"embeddable":true,"href":"https:\/\/blogdorogeriogomes.com.br\/noticias\/wp-json\/wp\/v2\/comments?post=16682"}],"version-history":[{"count":1,"href":"https:\/\/blogdorogeriogomes.com.br\/noticias\/wp-json\/wp\/v2\/posts\/16682\/revisions"}],"predecessor-version":[{"id":16684,"href":"https:\/\/blogdorogeriogomes.com.br\/noticias\/wp-json\/wp\/v2\/posts\/16682\/revisions\/16684"}],"wp:featuredmedia":[{"embeddable":true,"href":"https:\/\/blogdorogeriogomes.com.br\/noticias\/wp-json\/wp\/v2\/media\/16683"}],"wp:attachment":[{"href":"https:\/\/blogdorogeriogomes.com.br\/noticias\/wp-json\/wp\/v2\/media?parent=16682"}],"wp:term":[{"taxonomy":"category","embeddable":true,"href":"https:\/\/blogdorogeriogomes.com.br\/noticias\/wp-json\/wp\/v2\/categories?post=16682"},{"taxonomy":"post_tag","embeddable":true,"href":"https:\/\/blogdorogeriogomes.com.br\/noticias\/wp-json\/wp\/v2\/tags?post=16682"}],"curies":[{"name":"wp","href":"https:\/\/api.w.org\/{rel}","templated":true}]}}