{"id":16685,"date":"2020-05-14T12:20:06","date_gmt":"2020-05-14T12:20:06","guid":{"rendered":"http:\/\/blogdorogeriogomes.com.br\/?p=16685"},"modified":"2020-05-14T12:56:49","modified_gmt":"2020-05-14T12:56:49","slug":"deputados-estaduais-cobram-desfecho-para-o-caso-envolvendo-punicao-a-andre-fernandes-pdt-prepara-nova-acao-na-comissao-de-etica","status":"publish","type":"post","link":"https:\/\/blogdorogeriogomes.com.br\/noticias\/2020\/05\/deputados-estaduais-cobram-desfecho-para-o-caso-envolvendo-punicao-a-andre-fernandes-pdt-prepara-nova-acao-na-comissao-de-etica\/","title":{"rendered":"Deputados estaduais cobram desfecho para o caso envolvendo puni\u00e7\u00e3o a Andr\u00e9 Fernandes. PDT prepara nova a\u00e7\u00e3o na Comiss\u00e3o de \u00c9tica"},"content":{"rendered":"\n<p>As \u00faltimas pol\u00eamicas envolvendo o deputado estadual Andr\u00e9 Fernandes (PSL), ligado ao presidente Jair Bolsonaro, com a divulga\u00e7\u00e3o de fake news pela internet, fizeram aumentar a press\u00e3o na Assembleia Legislativa do Cear\u00e1 por uma puni\u00e7\u00e3o contra o parlamentar. J\u00e1 h\u00e1 uma puni\u00e7\u00e3o de 30 dias de suspens\u00e3o tempor\u00e1ria contra Andr\u00e9 Fernandes para ser votada no processo do caso em que o deputado do PSL acusou sem provas um colega parlamentar de envolvimento com o crime organizado. Deputados cobram que o o presidente da AL, Jos\u00e9 Sarto, coloque a puni\u00e7\u00e3o para ser votada em sess\u00e3o virtual.<\/p>\n\n\n\n<p>Agora, o PDT prepara uma nova representa\u00e7\u00e3o contra Andr\u00e9 Fernandes por quebra de decoro parlamentar no Conselho de \u00c9tica. Andr\u00e9 Fernandes acusou o deputado estadual Osmar Baquit (PDT) de manter rela\u00e7\u00e3o com uma quadrilha criminosa no Estado, sem apresentar provas. Acrescentou ainda que Baquit teria mandado atear fogo na sede de uma emissora de r\u00e1dio no interior.<\/p>\n\n\n\n<p>Andr\u00e9 Fernandes foi um dos dois deputados que votaram contra o projeto que prev\u00ea multa para quem divulgar fake news no Cear\u00e1 no per\u00edodo da pandemia do coronav\u00edrus. Recentemente, ele acusou, pelas redes sociais, o secret\u00e1rio de Sa\u00fade do Estado, Dr. Cabeto, de adulterar atestados de \u00f3bito para Covid-19. Mais uma vez sem apresentar provas, a a\u00e7\u00e3o causou revolta entre profissionais de sa\u00fade e tamb\u00e9m de outros deputados no Poder Legislativo. <\/p>\n\n\n\n<p>Nas redes sociais, t\u00e3o utilizadas pelo parlamentar, j\u00e1 circula um abaixo-assinado pedindo a cassa\u00e7\u00e3o do mandato do parlamentar por quebra de decoro parlamentar.<\/p>\n\n\n\n<figure class=\"wp-block-gallery columns-1 is-cropped wp-block-gallery-1 is-layout-flex wp-block-gallery-is-layout-flex\"><ul class=\"blocks-gallery-grid\"><li class=\"blocks-gallery-item\"><figure><img loading=\"lazy\" decoding=\"async\" width=\"660\" height=\"360\" src=\"http:\/\/blogdorogeriogomes.com.br\/wp-content\/uploads\/2020\/05\/images-12.jpeg\" alt=\"\" data-id=\"16686\" data-full-url=\"http:\/\/blogdorogeriogomes.com.br\/wp-content\/uploads\/2020\/05\/images-12.jpeg\" data-link=\"http:\/\/blogdorogeriogomes.com.br\/?attachment_id=16686\" class=\"wp-image-16686\" srcset=\"https:\/\/blogdorogeriogomes.com.br\/noticias\/wp-content\/uploads\/2020\/05\/images-12.jpeg 660w, https:\/\/blogdorogeriogomes.com.br\/noticias\/wp-content\/uploads\/2020\/05\/images-12-300x164.jpeg 300w\" sizes=\"auto, (max-width: 660px) 100vw, 660px\" \/><\/figure><\/li><\/ul><\/figure>\n","protected":false},"excerpt":{"rendered":"<p>As \u00faltimas pol\u00eamicas envolvendo o deputado estadual Andr\u00e9 Fernandes (PSL), ligado ao presidente Jair Bolsonaro, com a divulga\u00e7\u00e3o de fake news pela internet, fizeram aumentar a press\u00e3o na Assembleia Legislativa do Cear\u00e1 por uma puni\u00e7\u00e3o contra o parlamentar. J\u00e1 h\u00e1 uma puni\u00e7\u00e3o de 30 dias de suspens\u00e3o tempor\u00e1ria contra Andr\u00e9 Fernandes para ser votada no processo do caso em que o deputado do PSL acusou sem provas um colega parlamentar de envolvimento com o crime organizado. Deputados cobram que&hellip;<\/p>\n","protected":false},"author":1,"featured_media":16686,"comment_status":"open","ping_status":"open","sticky":false,"template":"","format":"standard","meta":{"footnotes":""},"categories":[1],"tags":[],"class_list":["post-16685","post","type-post","status-publish","format-standard","has-post-thumbnail","hentry","category-noticias"],"_links":{"self":[{"href":"https:\/\/blogdorogeriogomes.com.br\/noticias\/wp-json\/wp\/v2\/posts\/16685","targetHints":{"allow":["GET"]}}],"collection":[{"href":"https:\/\/blogdorogeriogomes.com.br\/noticias\/wp-json\/wp\/v2\/posts"}],"about":[{"href":"https:\/\/blogdorogeriogomes.com.br\/noticias\/wp-json\/wp\/v2\/types\/post"}],"author":[{"embeddable":true,"href":"https:\/\/blogdorogeriogomes.com.br\/noticias\/wp-json\/wp\/v2\/users\/1"}],"replies":[{"embeddable":true,"href":"https:\/\/blogdorogeriogomes.com.br\/noticias\/wp-json\/wp\/v2\/comments?post=16685"}],"version-history":[{"count":1,"href":"https:\/\/blogdorogeriogomes.com.br\/noticias\/wp-json\/wp\/v2\/posts\/16685\/revisions"}],"predecessor-version":[{"id":16687,"href":"https:\/\/blogdorogeriogomes.com.br\/noticias\/wp-json\/wp\/v2\/posts\/16685\/revisions\/16687"}],"wp:featuredmedia":[{"embeddable":true,"href":"https:\/\/blogdorogeriogomes.com.br\/noticias\/wp-json\/wp\/v2\/media\/16686"}],"wp:attachment":[{"href":"https:\/\/blogdorogeriogomes.com.br\/noticias\/wp-json\/wp\/v2\/media?parent=16685"}],"wp:term":[{"taxonomy":"category","embeddable":true,"href":"https:\/\/blogdorogeriogomes.com.br\/noticias\/wp-json\/wp\/v2\/categories?post=16685"},{"taxonomy":"post_tag","embeddable":true,"href":"https:\/\/blogdorogeriogomes.com.br\/noticias\/wp-json\/wp\/v2\/tags?post=16685"}],"curies":[{"name":"wp","href":"https:\/\/api.w.org\/{rel}","templated":true}]}}