{"id":16689,"date":"2020-05-14T20:58:05","date_gmt":"2020-05-14T20:58:05","guid":{"rendered":"http:\/\/blogdorogeriogomes.com.br\/?p=16689"},"modified":"2020-05-15T14:20:34","modified_gmt":"2020-05-15T14:20:34","slug":"bolsonaro-declara-guerra-a-governadores-e-diz-que-vai-implantar-uso-da-cloroquina-mesmo-com-parecer-contrario-do-ministro-da-saude","status":"publish","type":"post","link":"https:\/\/blogdorogeriogomes.com.br\/noticias\/2020\/05\/bolsonaro-declara-guerra-a-governadores-e-diz-que-vai-implantar-uso-da-cloroquina-mesmo-com-parecer-contrario-do-ministro-da-saude\/","title":{"rendered":"Bolsonaro declara &#8220;guerra&#8221; a governadores e diz que vai implantar uso da cloroquina mesmo com parecer contr\u00e1rio do Ministro da Sa\u00fade"},"content":{"rendered":"\n<p>Em reuni\u00e3o por videoconfer\u00eancia com empres\u00e1rios da Federa\u00e7\u00e3o das Ind\u00fastrias de S\u00e3o Paulo (Fiesp), nesta quinta-feira, dia 14 de maio, o presidente Jair Bolsonaro declarou &#8220;guerra&#8221; aos governadores que continuam apostando no isolamento social como forma de enfrentar a pandemia da Covid-19. Ele convocou o empresariado a jogar &#8220;pesado&#8221; contra os governadores estaduais, que mant\u00eam os decretos de distanciamento social. Bolsonaro diz que as medida de isolamento s\u00e3o piores para o Pa\u00eds e continua a minimizar o impacto do coronav\u00edrus e das mortes causadas pela contamina\u00e7\u00e3o.<\/p>\n\n\n\n<figure class=\"wp-block-gallery columns-1 is-cropped wp-block-gallery-1 is-layout-flex wp-block-gallery-is-layout-flex\"><ul class=\"blocks-gallery-grid\"><li class=\"blocks-gallery-item\"><figure><img loading=\"lazy\" decoding=\"async\" width=\"450\" height=\"337\" src=\"http:\/\/blogdorogeriogomes.com.br\/wp-content\/uploads\/2020\/05\/images-13-1.jpeg\" alt=\"\" data-id=\"16690\" data-full-url=\"http:\/\/blogdorogeriogomes.com.br\/wp-content\/uploads\/2020\/05\/images-13-1.jpeg\" data-link=\"http:\/\/blogdorogeriogomes.com.br\/?attachment_id=16690\" class=\"wp-image-16690\" srcset=\"https:\/\/blogdorogeriogomes.com.br\/noticias\/wp-content\/uploads\/2020\/05\/images-13-1.jpeg 450w, https:\/\/blogdorogeriogomes.com.br\/noticias\/wp-content\/uploads\/2020\/05\/images-13-1-300x225.jpeg 300w, https:\/\/blogdorogeriogomes.com.br\/noticias\/wp-content\/uploads\/2020\/05\/images-13-1-400x300.jpeg 400w\" sizes=\"auto, (max-width: 450px) 100vw, 450px\" \/><\/figure><\/li><\/ul><\/figure>\n\n\n\n<p>Na reuni\u00e3o com os empres\u00e1rios, diz que vai cobrar do ministro da Sa\u00fade, Nelson Teich, a ado\u00e7\u00e3o pela pasta de um protocolo prevendo o uso da cloroquina para pacientes em est\u00e1gio inicial do novo coronav\u00edrus. Diversos estudos internacionais recentes, por\u00e9m, n\u00e3o t\u00eam mostrado benef\u00edcios do rem\u00e9dio em reduzir interna\u00e7\u00f5es ou mortes por Covid-19. Segundo Bolsonaro, a decis\u00e3o sobre o uso do medicamento cabe unicamente a ele. <\/p>\n\n\n\n<p>\u00c9 mais uma situa\u00e7\u00e3o de humilha\u00e7\u00e3o para o atual ministro da Sa\u00fade que n\u00e3o consegue implantar um plano nacional de combate \u00e0 pandemia e, a cada dia, perde mais prest\u00edgio com o Presidente da Rep\u00fablica. Se \u00e9 que j\u00e1 teve em algum momento.<\/p>\n","protected":false},"excerpt":{"rendered":"<p>Em reuni\u00e3o por videoconfer\u00eancia com empres\u00e1rios da Federa\u00e7\u00e3o das Ind\u00fastrias de S\u00e3o Paulo (Fiesp), nesta quinta-feira, dia 14 de maio, o presidente Jair Bolsonaro declarou &#8220;guerra&#8221; aos governadores que continuam apostando no isolamento social como forma de enfrentar a pandemia da Covid-19. Ele convocou o empresariado a jogar &#8220;pesado&#8221; contra os governadores estaduais, que mant\u00eam os decretos de distanciamento social. Bolsonaro diz que as medida de isolamento s\u00e3o piores para o Pa\u00eds e continua a minimizar o impacto do&hellip;<\/p>\n","protected":false},"author":1,"featured_media":16690,"comment_status":"open","ping_status":"open","sticky":false,"template":"","format":"standard","meta":{"footnotes":""},"categories":[1],"tags":[],"class_list":["post-16689","post","type-post","status-publish","format-standard","has-post-thumbnail","hentry","category-noticias"],"_links":{"self":[{"href":"https:\/\/blogdorogeriogomes.com.br\/noticias\/wp-json\/wp\/v2\/posts\/16689","targetHints":{"allow":["GET"]}}],"collection":[{"href":"https:\/\/blogdorogeriogomes.com.br\/noticias\/wp-json\/wp\/v2\/posts"}],"about":[{"href":"https:\/\/blogdorogeriogomes.com.br\/noticias\/wp-json\/wp\/v2\/types\/post"}],"author":[{"embeddable":true,"href":"https:\/\/blogdorogeriogomes.com.br\/noticias\/wp-json\/wp\/v2\/users\/1"}],"replies":[{"embeddable":true,"href":"https:\/\/blogdorogeriogomes.com.br\/noticias\/wp-json\/wp\/v2\/comments?post=16689"}],"version-history":[{"count":1,"href":"https:\/\/blogdorogeriogomes.com.br\/noticias\/wp-json\/wp\/v2\/posts\/16689\/revisions"}],"predecessor-version":[{"id":16691,"href":"https:\/\/blogdorogeriogomes.com.br\/noticias\/wp-json\/wp\/v2\/posts\/16689\/revisions\/16691"}],"wp:featuredmedia":[{"embeddable":true,"href":"https:\/\/blogdorogeriogomes.com.br\/noticias\/wp-json\/wp\/v2\/media\/16690"}],"wp:attachment":[{"href":"https:\/\/blogdorogeriogomes.com.br\/noticias\/wp-json\/wp\/v2\/media?parent=16689"}],"wp:term":[{"taxonomy":"category","embeddable":true,"href":"https:\/\/blogdorogeriogomes.com.br\/noticias\/wp-json\/wp\/v2\/categories?post=16689"},{"taxonomy":"post_tag","embeddable":true,"href":"https:\/\/blogdorogeriogomes.com.br\/noticias\/wp-json\/wp\/v2\/tags?post=16689"}],"curies":[{"name":"wp","href":"https:\/\/api.w.org\/{rel}","templated":true}]}}