{"id":16692,"date":"2020-05-14T23:32:11","date_gmt":"2020-05-14T23:32:11","guid":{"rendered":"http:\/\/blogdorogeriogomes.com.br\/?p=16692"},"modified":"2020-05-15T14:20:20","modified_gmt":"2020-05-15T14:20:20","slug":"assembleia-legislativa-e-ministerio-publico-exigem-provas-do-sindicato-dos-medicos-de-que-profissionais-estariam-sendo-obrigados-a-atestar-mortes-por-covid-19","status":"publish","type":"post","link":"https:\/\/blogdorogeriogomes.com.br\/noticias\/2020\/05\/assembleia-legislativa-e-ministerio-publico-exigem-provas-do-sindicato-dos-medicos-de-que-profissionais-estariam-sendo-obrigados-a-atestar-mortes-por-covid-19\/","title":{"rendered":"Assembleia Legislativa e Minist\u00e9rio P\u00fablico exigem provas do Sindicato dos M\u00e9dicos de que profissionais estariam sendo obrigados a atestar mortes por Covid-19"},"content":{"rendered":"\n<p>Deputados estaduais exigiram durante sess\u00e3o virtual, nesta quinta-feira, dia 14 de maio, que o Sindicato do M\u00e9dicos do Cear\u00e1 apresentasse provas sobre den\u00fancias de que profissionais de Medicina est\u00e3o sendo obrigados a atestar \u00f3bitos como Covid-19 em unidades de sa\u00fade do Estado. <\/p>\n\n\n\n<figure class=\"wp-block-gallery columns-1 is-cropped wp-block-gallery-1 is-layout-flex wp-block-gallery-is-layout-flex\"><ul class=\"blocks-gallery-grid\"><li class=\"blocks-gallery-item\"><figure><img loading=\"lazy\" decoding=\"async\" width=\"1024\" height=\"683\" src=\"http:\/\/blogdorogeriogomes.com.br\/wp-content\/uploads\/2020\/05\/4e9a1891-12470391-1024x683.jpg\" alt=\"\" data-id=\"16693\" data-full-url=\"http:\/\/blogdorogeriogomes.com.br\/wp-content\/uploads\/2020\/05\/4e9a1891-12470391.jpg\" data-link=\"http:\/\/blogdorogeriogomes.com.br\/?attachment_id=16693\" class=\"wp-image-16693\" srcset=\"https:\/\/blogdorogeriogomes.com.br\/noticias\/wp-content\/uploads\/2020\/05\/4e9a1891-12470391-1024x683.jpg 1024w, https:\/\/blogdorogeriogomes.com.br\/noticias\/wp-content\/uploads\/2020\/05\/4e9a1891-12470391-300x200.jpg 300w, https:\/\/blogdorogeriogomes.com.br\/noticias\/wp-content\/uploads\/2020\/05\/4e9a1891-12470391-768x512.jpg 768w, https:\/\/blogdorogeriogomes.com.br\/noticias\/wp-content\/uploads\/2020\/05\/4e9a1891-12470391-800x533.jpg 800w, https:\/\/blogdorogeriogomes.com.br\/noticias\/wp-content\/uploads\/2020\/05\/4e9a1891-12470391.jpg 1140w\" sizes=\"auto, (max-width: 1024px) 100vw, 1024px\" \/><\/figure><\/li><\/ul><\/figure>\n\n\n\n<p>O presidente da Assembleia Legislativa do Cear\u00e1, Jos\u00e9 Sarto, considerou como \u201cdesservi\u00e7o\u201d a postura da entidade m\u00e9dica, afirmando que era preciso a apresenta\u00e7\u00e3o de provas das supostas den\u00fancias. O Sindicato dos M\u00e9dicos emitiu uma nota assinada pelo seu presidente Edmar Fernandes. Ele dever\u00e1 ser convocado pela Assembleia Legislativa para prestar esclarecimentos sobre as den\u00fancias, que atingem todos os profissionais m\u00e9dicos que est\u00e3o na linha de frente de combate \u00e0 pandemia na Capital.<\/p>\n\n\n\n<p>O Conselho Regional de Medicina do Cear\u00e1 (Cremec) considerou as den\u00fancias como \u201cgen\u00e9ricas\u201d. Em nota, a entidade diz que as suposi\u00e7\u00f5es feitas pelo Sindicato dos M\u00e9dicos \u201cmaculam a categoria m\u00e9dica como um todo, em sua honra e dignidade, ao inferir que os m\u00e9dicos estariam aceitando cometer tamanha transgress\u00e3o \u00e9tica\u201d.<\/p>\n\n\n\n<p>O caso tamb\u00e9m j\u00e1 chegou ao Minist\u00e9rio P\u00fablico do Estado do Cear\u00e1, que solicitou ao Sindicato dos M\u00e9dicos mais esclarecimentos sobre a den\u00fancia de que profissionais de sa\u00fade estariam sendo pressionados a emitir atestados de \u00f3bito por Covid-19 sem comprova\u00e7\u00e3o por testes. <\/p>\n\n\n\n<p>De acordo com o boletim da Secretaria de Sa\u00fade do Cear\u00e1 divulgado no in\u00edcio da noite desta quinta-feira, dia 14 de maio, o Estado chegou a 21.077 casos confirmados e 1.413 mortes por Covid-19. No Brasil, o Minist\u00e9rio da Sa\u00fade atesta 202.918 casos confirmados e 13.993 mortes, sendo 844 delas confirmadas nas \u00faltimas 24 horas.<\/p>\n","protected":false},"excerpt":{"rendered":"<p>Deputados estaduais exigiram durante sess\u00e3o virtual, nesta quinta-feira, dia 14 de maio, que o Sindicato do M\u00e9dicos do Cear\u00e1 apresentasse provas sobre den\u00fancias de que profissionais de Medicina est\u00e3o sendo obrigados a atestar \u00f3bitos como Covid-19 em unidades de sa\u00fade do Estado. O presidente da Assembleia Legislativa do Cear\u00e1, Jos\u00e9 Sarto, considerou como \u201cdesservi\u00e7o\u201d a postura da entidade m\u00e9dica, afirmando que era preciso a apresenta\u00e7\u00e3o de provas das supostas den\u00fancias. O Sindicato dos M\u00e9dicos emitiu uma nota assinada pelo&hellip;<\/p>\n","protected":false},"author":1,"featured_media":16693,"comment_status":"open","ping_status":"open","sticky":false,"template":"","format":"standard","meta":{"footnotes":""},"categories":[1],"tags":[],"class_list":["post-16692","post","type-post","status-publish","format-standard","has-post-thumbnail","hentry","category-noticias"],"_links":{"self":[{"href":"https:\/\/blogdorogeriogomes.com.br\/noticias\/wp-json\/wp\/v2\/posts\/16692","targetHints":{"allow":["GET"]}}],"collection":[{"href":"https:\/\/blogdorogeriogomes.com.br\/noticias\/wp-json\/wp\/v2\/posts"}],"about":[{"href":"https:\/\/blogdorogeriogomes.com.br\/noticias\/wp-json\/wp\/v2\/types\/post"}],"author":[{"embeddable":true,"href":"https:\/\/blogdorogeriogomes.com.br\/noticias\/wp-json\/wp\/v2\/users\/1"}],"replies":[{"embeddable":true,"href":"https:\/\/blogdorogeriogomes.com.br\/noticias\/wp-json\/wp\/v2\/comments?post=16692"}],"version-history":[{"count":1,"href":"https:\/\/blogdorogeriogomes.com.br\/noticias\/wp-json\/wp\/v2\/posts\/16692\/revisions"}],"predecessor-version":[{"id":16694,"href":"https:\/\/blogdorogeriogomes.com.br\/noticias\/wp-json\/wp\/v2\/posts\/16692\/revisions\/16694"}],"wp:featuredmedia":[{"embeddable":true,"href":"https:\/\/blogdorogeriogomes.com.br\/noticias\/wp-json\/wp\/v2\/media\/16693"}],"wp:attachment":[{"href":"https:\/\/blogdorogeriogomes.com.br\/noticias\/wp-json\/wp\/v2\/media?parent=16692"}],"wp:term":[{"taxonomy":"category","embeddable":true,"href":"https:\/\/blogdorogeriogomes.com.br\/noticias\/wp-json\/wp\/v2\/categories?post=16692"},{"taxonomy":"post_tag","embeddable":true,"href":"https:\/\/blogdorogeriogomes.com.br\/noticias\/wp-json\/wp\/v2\/tags?post=16692"}],"curies":[{"name":"wp","href":"https:\/\/api.w.org\/{rel}","templated":true}]}}