{"id":16695,"date":"2020-05-15T12:28:55","date_gmt":"2020-05-15T12:28:55","guid":{"rendered":"http:\/\/blogdorogeriogomes.com.br\/?p=16695"},"modified":"2020-05-15T14:20:08","modified_gmt":"2020-05-15T14:20:08","slug":"pagamento-da-segunda-parcela-do-auxilio-emergencial-tera-inicio-na-proxima-semana","status":"publish","type":"post","link":"https:\/\/blogdorogeriogomes.com.br\/noticias\/2020\/05\/pagamento-da-segunda-parcela-do-auxilio-emergencial-tera-inicio-na-proxima-semana\/","title":{"rendered":"Pagamento da segunda parcela do aux\u00edlio emergencial ter\u00e1 in\u00edcio na pr\u00f3xima semana"},"content":{"rendered":"\n<p>Ap\u00f3s duas semanas com pagamentos suspensos, o Governo Federal vai iniciar o repasse da segunda parcela do aux\u00edlio emergencial para trabalhadores aut\u00f4nomos e desempregados na pr\u00f3xima semana. O cronograma come\u00e7a segunda-feira, dia 18 de maio, e segue at\u00e9 13 de junho.&nbsp;<\/p>\n\n\n\n<figure class=\"wp-block-gallery columns-1 is-cropped wp-block-gallery-1 is-layout-flex wp-block-gallery-is-layout-flex\"><ul class=\"blocks-gallery-grid\"><li class=\"blocks-gallery-item\"><figure><img loading=\"lazy\" decoding=\"async\" width=\"678\" height=\"452\" src=\"http:\/\/blogdorogeriogomes.com.br\/wp-content\/uploads\/2020\/05\/images-14-1.jpeg\" alt=\"\" data-id=\"16696\" data-full-url=\"http:\/\/blogdorogeriogomes.com.br\/wp-content\/uploads\/2020\/05\/images-14-1.jpeg\" data-link=\"http:\/\/blogdorogeriogomes.com.br\/?attachment_id=16696\" class=\"wp-image-16696\" srcset=\"https:\/\/blogdorogeriogomes.com.br\/noticias\/wp-content\/uploads\/2020\/05\/images-14-1.jpeg 678w, https:\/\/blogdorogeriogomes.com.br\/noticias\/wp-content\/uploads\/2020\/05\/images-14-1-300x200.jpeg 300w\" sizes=\"auto, (max-width: 678px) 100vw, 678px\" \/><\/figure><\/li><\/ul><\/figure>\n\n\n\n<p>Ao todo, s\u00e3o tr\u00eas calend\u00e1rios, sendo um para recebimento em poupan\u00e7a social, outro para saque em esp\u00e9cie para benefici\u00e1rios do Bolsa Fam\u00edlia e um terceiro para saque em esp\u00e9cie para poupan\u00e7a social e demais p\u00fablicos.<\/p>\n\n\n\n<p>A portaria prev\u00ea que quem recebeu a 1\u00aa parcela at\u00e9 30 de abril ter\u00e1 acesso \u00e0 segunda parcela em poupan\u00e7a social digital aberta em seu nome a partir da pr\u00f3xima quarta-feira, dia 20 de maio, de acordo com a data de nascimento.<\/p>\n\n\n\n<p>Em casos como este, nascidos em janeiro e fevereiro receber\u00e3o a segunda parcela no dia 20 de maio; os nascidos em mar\u00e7o e abril, no dia 21; os de maio e junho, no dia 22, e assim sucessivamente.&nbsp;<\/p>\n\n\n\n<p>Como forma de evitar aglomera\u00e7\u00f5es nas ag\u00eancias, os recursos estar\u00e3o dispon\u00edveis apenas para o pagamento de contas, de boletos e para realiza\u00e7\u00e3o de compras por meio de cart\u00e3o de d\u00e9bito virtual.<\/p>\n\n\n\n<p>Os benefici\u00e1rios do Bolsa Fam\u00edlia v\u00e3o receber a 2\u00aa parcela nas mesmas datas e da mesma forma que os demais.&nbsp;Os saques em esp\u00e9cie j\u00e1 come\u00e7am na pr\u00f3xima segunda-feira , dia 18 de maio, para benefici\u00e1rios com N\u00famero de Identifica\u00e7\u00e3o Social (NIS) 1.<\/p>\n\n\n\n<p><\/p>\n","protected":false},"excerpt":{"rendered":"<p>Ap\u00f3s duas semanas com pagamentos suspensos, o Governo Federal vai iniciar o repasse da segunda parcela do aux\u00edlio emergencial para trabalhadores aut\u00f4nomos e desempregados na pr\u00f3xima semana. O cronograma come\u00e7a segunda-feira, dia 18 de maio, e segue at\u00e9 13 de junho.&nbsp; Ao todo, s\u00e3o tr\u00eas calend\u00e1rios, sendo um para recebimento em poupan\u00e7a social, outro para saque em esp\u00e9cie para benefici\u00e1rios do Bolsa Fam\u00edlia e um terceiro para saque em esp\u00e9cie para poupan\u00e7a social e demais p\u00fablicos. A portaria prev\u00ea&hellip;<\/p>\n","protected":false},"author":1,"featured_media":16696,"comment_status":"open","ping_status":"open","sticky":false,"template":"","format":"standard","meta":{"footnotes":""},"categories":[1],"tags":[],"class_list":["post-16695","post","type-post","status-publish","format-standard","has-post-thumbnail","hentry","category-noticias"],"_links":{"self":[{"href":"https:\/\/blogdorogeriogomes.com.br\/noticias\/wp-json\/wp\/v2\/posts\/16695","targetHints":{"allow":["GET"]}}],"collection":[{"href":"https:\/\/blogdorogeriogomes.com.br\/noticias\/wp-json\/wp\/v2\/posts"}],"about":[{"href":"https:\/\/blogdorogeriogomes.com.br\/noticias\/wp-json\/wp\/v2\/types\/post"}],"author":[{"embeddable":true,"href":"https:\/\/blogdorogeriogomes.com.br\/noticias\/wp-json\/wp\/v2\/users\/1"}],"replies":[{"embeddable":true,"href":"https:\/\/blogdorogeriogomes.com.br\/noticias\/wp-json\/wp\/v2\/comments?post=16695"}],"version-history":[{"count":2,"href":"https:\/\/blogdorogeriogomes.com.br\/noticias\/wp-json\/wp\/v2\/posts\/16695\/revisions"}],"predecessor-version":[{"id":16701,"href":"https:\/\/blogdorogeriogomes.com.br\/noticias\/wp-json\/wp\/v2\/posts\/16695\/revisions\/16701"}],"wp:featuredmedia":[{"embeddable":true,"href":"https:\/\/blogdorogeriogomes.com.br\/noticias\/wp-json\/wp\/v2\/media\/16696"}],"wp:attachment":[{"href":"https:\/\/blogdorogeriogomes.com.br\/noticias\/wp-json\/wp\/v2\/media?parent=16695"}],"wp:term":[{"taxonomy":"category","embeddable":true,"href":"https:\/\/blogdorogeriogomes.com.br\/noticias\/wp-json\/wp\/v2\/categories?post=16695"},{"taxonomy":"post_tag","embeddable":true,"href":"https:\/\/blogdorogeriogomes.com.br\/noticias\/wp-json\/wp\/v2\/tags?post=16695"}],"curies":[{"name":"wp","href":"https:\/\/api.w.org\/{rel}","templated":true}]}}