{"id":16698,"date":"2020-05-15T12:45:03","date_gmt":"2020-05-15T12:45:03","guid":{"rendered":"http:\/\/blogdorogeriogomes.com.br\/?p=16698"},"modified":"2020-05-15T14:19:58","modified_gmt":"2020-05-15T14:19:58","slug":"ministros-do-supremo-tribunal-federal-decidem-manter-o-calendario-eleitoral-de-2020","status":"publish","type":"post","link":"https:\/\/blogdorogeriogomes.com.br\/noticias\/2020\/05\/ministros-do-supremo-tribunal-federal-decidem-manter-o-calendario-eleitoral-de-2020\/","title":{"rendered":"Ministros do Supremo Tribunal Federal decidem manter o calend\u00e1rio eleitoral de 2020"},"content":{"rendered":"\n<p>O Plen\u00e1rio do Supremo Tribunal Federal (STF) rejeitou, na quinta-feira, dia 14 de maio, pedido para alterar o calend\u00e1rio eleitoral de 2020, alvo de especula\u00e7\u00f5es no meio pol\u00edtico desde o in\u00edcio da pandemia da Covid-19, em mar\u00e7o. O Partido Progressistas (PP) requeria a suspens\u00e3o por 30 dias do prazo para filia\u00e7\u00e3o partid\u00e1ria, domic\u00edlio eleitoral e desincompatibiliza\u00e7\u00e3o para as elei\u00e7\u00f5es de 2020, encerrado em 4 de abril.<\/p>\n\n\n\n<p>A maioria dos ministros do STF entendeu que, mesmo diante da pandemia do novo coronav\u00edrus, deve ser mantida a validade de normas que estabelecem prazos eleitorais, sob pena de viola\u00e7\u00e3o do princ\u00edpio democr\u00e1tico e da soberania popular.<\/p>\n\n\n\n<figure class=\"wp-block-gallery columns-1 is-cropped wp-block-gallery-1 is-layout-flex wp-block-gallery-is-layout-flex\"><ul class=\"blocks-gallery-grid\"><li class=\"blocks-gallery-item\"><figure><img loading=\"lazy\" decoding=\"async\" width=\"640\" height=\"479\" src=\"http:\/\/blogdorogeriogomes.com.br\/wp-content\/uploads\/2020\/05\/images-15.jpeg\" alt=\"\" data-id=\"16699\" data-full-url=\"http:\/\/blogdorogeriogomes.com.br\/wp-content\/uploads\/2020\/05\/images-15.jpeg\" data-link=\"http:\/\/blogdorogeriogomes.com.br\/?attachment_id=16699\" class=\"wp-image-16699\" srcset=\"https:\/\/blogdorogeriogomes.com.br\/noticias\/wp-content\/uploads\/2020\/05\/images-15.jpeg 640w, https:\/\/blogdorogeriogomes.com.br\/noticias\/wp-content\/uploads\/2020\/05\/images-15-300x225.jpeg 300w, https:\/\/blogdorogeriogomes.com.br\/noticias\/wp-content\/uploads\/2020\/05\/images-15-400x300.jpeg 400w\" sizes=\"auto, (max-width: 640px) 100vw, 640px\" \/><\/figure><\/li><\/ul><\/figure>\n","protected":false},"excerpt":{"rendered":"<p>O Plen\u00e1rio do Supremo Tribunal Federal (STF) rejeitou, na quinta-feira, dia 14 de maio, pedido para alterar o calend\u00e1rio eleitoral de 2020, alvo de especula\u00e7\u00f5es no meio pol\u00edtico desde o in\u00edcio da pandemia da Covid-19, em mar\u00e7o. O Partido Progressistas (PP) requeria a suspens\u00e3o por 30 dias do prazo para filia\u00e7\u00e3o partid\u00e1ria, domic\u00edlio eleitoral e desincompatibiliza\u00e7\u00e3o para as elei\u00e7\u00f5es de 2020, encerrado em 4 de abril. A maioria dos ministros do STF entendeu que, mesmo diante da pandemia do&hellip;<\/p>\n","protected":false},"author":1,"featured_media":16699,"comment_status":"open","ping_status":"open","sticky":false,"template":"","format":"standard","meta":{"footnotes":""},"categories":[1],"tags":[],"class_list":["post-16698","post","type-post","status-publish","format-standard","has-post-thumbnail","hentry","category-noticias"],"_links":{"self":[{"href":"https:\/\/blogdorogeriogomes.com.br\/noticias\/wp-json\/wp\/v2\/posts\/16698","targetHints":{"allow":["GET"]}}],"collection":[{"href":"https:\/\/blogdorogeriogomes.com.br\/noticias\/wp-json\/wp\/v2\/posts"}],"about":[{"href":"https:\/\/blogdorogeriogomes.com.br\/noticias\/wp-json\/wp\/v2\/types\/post"}],"author":[{"embeddable":true,"href":"https:\/\/blogdorogeriogomes.com.br\/noticias\/wp-json\/wp\/v2\/users\/1"}],"replies":[{"embeddable":true,"href":"https:\/\/blogdorogeriogomes.com.br\/noticias\/wp-json\/wp\/v2\/comments?post=16698"}],"version-history":[{"count":1,"href":"https:\/\/blogdorogeriogomes.com.br\/noticias\/wp-json\/wp\/v2\/posts\/16698\/revisions"}],"predecessor-version":[{"id":16700,"href":"https:\/\/blogdorogeriogomes.com.br\/noticias\/wp-json\/wp\/v2\/posts\/16698\/revisions\/16700"}],"wp:featuredmedia":[{"embeddable":true,"href":"https:\/\/blogdorogeriogomes.com.br\/noticias\/wp-json\/wp\/v2\/media\/16699"}],"wp:attachment":[{"href":"https:\/\/blogdorogeriogomes.com.br\/noticias\/wp-json\/wp\/v2\/media?parent=16698"}],"wp:term":[{"taxonomy":"category","embeddable":true,"href":"https:\/\/blogdorogeriogomes.com.br\/noticias\/wp-json\/wp\/v2\/categories?post=16698"},{"taxonomy":"post_tag","embeddable":true,"href":"https:\/\/blogdorogeriogomes.com.br\/noticias\/wp-json\/wp\/v2\/tags?post=16698"}],"curies":[{"name":"wp","href":"https:\/\/api.w.org\/{rel}","templated":true}]}}