{"id":16702,"date":"2020-05-15T15:25:04","date_gmt":"2020-05-15T15:25:04","guid":{"rendered":"http:\/\/blogdorogeriogomes.com.br\/?p=16702"},"modified":"2020-05-15T15:51:04","modified_gmt":"2020-05-15T15:51:04","slug":"pressionado-por-bolsonaro-ministro-da-saude-nelson-teich-pede-demissao","status":"publish","type":"post","link":"https:\/\/blogdorogeriogomes.com.br\/noticias\/2020\/05\/pressionado-por-bolsonaro-ministro-da-saude-nelson-teich-pede-demissao\/","title":{"rendered":"Pressionado por Bolsonaro, ministro da Sa\u00fade Nelson Teich pede demiss\u00e3o"},"content":{"rendered":"\n<p>O ministro da Sa\u00fade, Nelson Teich, n\u00e3o aguentou a press\u00e3o do presidente Jair Bolsonaro para furar as regras de isolamento social diante da pandemia do coronav\u00edrus e resolveu pedir demiss\u00e3o do governo, nesta sexta-feira, dia 15 de maio. Essa \u00e9 a segunda sa\u00edda de um ministro da Sa\u00fade em meio \u00e0 pandemia do coronav\u00edrus. Teich havia substitu\u00eddo Luiz Henrique Mandetta, que tamb\u00e9m n\u00e3o estava alinhado sobre o que defende Bolsonaro.<\/p>\n\n\n\n<figure class=\"wp-block-gallery columns-1 is-cropped wp-block-gallery-1 is-layout-flex wp-block-gallery-is-layout-flex\"><ul class=\"blocks-gallery-grid\"><li class=\"blocks-gallery-item\"><figure><img loading=\"lazy\" decoding=\"async\" width=\"715\" height=\"429\" src=\"http:\/\/blogdorogeriogomes.com.br\/wp-content\/uploads\/2020\/05\/images-16.jpeg\" alt=\"\" data-id=\"16703\" data-full-url=\"http:\/\/blogdorogeriogomes.com.br\/wp-content\/uploads\/2020\/05\/images-16.jpeg\" data-link=\"http:\/\/blogdorogeriogomes.com.br\/?attachment_id=16703\" class=\"wp-image-16703\" srcset=\"https:\/\/blogdorogeriogomes.com.br\/noticias\/wp-content\/uploads\/2020\/05\/images-16.jpeg 715w, https:\/\/blogdorogeriogomes.com.br\/noticias\/wp-content\/uploads\/2020\/05\/images-16-300x180.jpeg 300w\" sizes=\"auto, (max-width: 715px) 100vw, 715px\" \/><\/figure><\/li><\/ul><\/figure>\n\n\n\n<p>Durante a semana, Jair Bolsonaro j\u00e1 tinha desmoralizado Nelson Teich em duas ocasi\u00f5es. A primeira quando n\u00e3o comunicou o agora ex-ministro sobre o decreto que autorizava a abertura de academias de gin\u00e1stica, sal\u00f5es de beleza e barbearias (Nelson Teich tomou conhecimento da medida pelos jornalistas) e a outra quando Bolsonaro disse que iria impor a recomenda\u00e7\u00e3o do uso da cloroquina no tratamento de pacientes com sintomas leves da Covid-19. Nelson Teich \u00e9 contra a medida.<\/p>\n\n\n\n<p>O fato \u00e9 que a sa\u00edda de Nelson Teich dificulta ainda mais as a\u00e7\u00f5es do Governo Federal no combate \u00e0 pandemia. O Minist\u00e9rio da Sa\u00fade se mostra inoperante diante do quadro de novos casos e mortes pela doen\u00e7a em todos os estados brasileiros.<\/p>\n","protected":false},"excerpt":{"rendered":"<p>O ministro da Sa\u00fade, Nelson Teich, n\u00e3o aguentou a press\u00e3o do presidente Jair Bolsonaro para furar as regras de isolamento social diante da pandemia do coronav\u00edrus e resolveu pedir demiss\u00e3o do governo, nesta sexta-feira, dia 15 de maio. Essa \u00e9 a segunda sa\u00edda de um ministro da Sa\u00fade em meio \u00e0 pandemia do coronav\u00edrus. Teich havia substitu\u00eddo Luiz Henrique Mandetta, que tamb\u00e9m n\u00e3o estava alinhado sobre o que defende Bolsonaro. Durante a semana, Jair Bolsonaro j\u00e1 tinha desmoralizado Nelson&hellip;<\/p>\n","protected":false},"author":1,"featured_media":16703,"comment_status":"open","ping_status":"open","sticky":false,"template":"","format":"standard","meta":{"footnotes":""},"categories":[1],"tags":[],"class_list":["post-16702","post","type-post","status-publish","format-standard","has-post-thumbnail","hentry","category-noticias"],"_links":{"self":[{"href":"https:\/\/blogdorogeriogomes.com.br\/noticias\/wp-json\/wp\/v2\/posts\/16702","targetHints":{"allow":["GET"]}}],"collection":[{"href":"https:\/\/blogdorogeriogomes.com.br\/noticias\/wp-json\/wp\/v2\/posts"}],"about":[{"href":"https:\/\/blogdorogeriogomes.com.br\/noticias\/wp-json\/wp\/v2\/types\/post"}],"author":[{"embeddable":true,"href":"https:\/\/blogdorogeriogomes.com.br\/noticias\/wp-json\/wp\/v2\/users\/1"}],"replies":[{"embeddable":true,"href":"https:\/\/blogdorogeriogomes.com.br\/noticias\/wp-json\/wp\/v2\/comments?post=16702"}],"version-history":[{"count":1,"href":"https:\/\/blogdorogeriogomes.com.br\/noticias\/wp-json\/wp\/v2\/posts\/16702\/revisions"}],"predecessor-version":[{"id":16704,"href":"https:\/\/blogdorogeriogomes.com.br\/noticias\/wp-json\/wp\/v2\/posts\/16702\/revisions\/16704"}],"wp:featuredmedia":[{"embeddable":true,"href":"https:\/\/blogdorogeriogomes.com.br\/noticias\/wp-json\/wp\/v2\/media\/16703"}],"wp:attachment":[{"href":"https:\/\/blogdorogeriogomes.com.br\/noticias\/wp-json\/wp\/v2\/media?parent=16702"}],"wp:term":[{"taxonomy":"category","embeddable":true,"href":"https:\/\/blogdorogeriogomes.com.br\/noticias\/wp-json\/wp\/v2\/categories?post=16702"},{"taxonomy":"post_tag","embeddable":true,"href":"https:\/\/blogdorogeriogomes.com.br\/noticias\/wp-json\/wp\/v2\/tags?post=16702"}],"curies":[{"name":"wp","href":"https:\/\/api.w.org\/{rel}","templated":true}]}}