{"id":16705,"date":"2020-05-15T23:17:41","date_gmt":"2020-05-15T23:17:41","guid":{"rendered":"http:\/\/blogdorogeriogomes.com.br\/?p=16705"},"modified":"2020-05-18T09:43:31","modified_gmt":"2020-05-18T09:43:31","slug":"saida-de-mais-um-ministro-da-saude-gera-cenario-de-incertezas-entre-governadores-diante-do-agravamento-da-pandemia-da-covid-19","status":"publish","type":"post","link":"https:\/\/blogdorogeriogomes.com.br\/noticias\/2020\/05\/saida-de-mais-um-ministro-da-saude-gera-cenario-de-incertezas-entre-governadores-diante-do-agravamento-da-pandemia-da-covid-19\/","title":{"rendered":"Sa\u00edda de mais um ministro da Sa\u00fade gera cen\u00e1rio de incertezas entre governadores diante do agravamento da pandemia da Covid-19"},"content":{"rendered":"\n<p>O cen\u00e1rio no Minist\u00e9rio da Sa\u00fade \u00e9 de incertezas ap\u00f3s a sa\u00edda de Nelson Teich do comando da pasta. O presidente Jair Bolsonaro j\u00e1 deixou claro que quer algu\u00e9m alinhado ao pensamento dele: afrouxar de vez o isolamento social e criar protocolo do uso da cloroquina pelo Minist\u00e9rio, apesar de todos os estudos internacionais, at\u00e9 agora, apontarem para uma inefic\u00e1cia (e at\u00e9 riscos graves) do rem\u00e9dio no tratamento da Covid-19. O general Eduardo Pazuello, que j\u00e1 era o secret\u00e1rio executivo da Sa\u00fade, e a m\u00e9dica oncologista Nise Yamaguchi s\u00e3o os favoritos para assumir o comando do Minist\u00e9rio.<\/p>\n\n\n\n<p>Governadores de todo o Pa\u00eds est\u00e3o preocupados diante da falta de um plano nacional de combate \u00e0 pandemia no Minist\u00e9rio da Sa\u00fade, que n\u00e3o consegue atender \u00e0s demandas dos estados. S\u00f3 na abertura de leitos de UTI, a pasta s\u00f3 cumpriu 11% do que prometeu at\u00e9 os 10 primeiros dias de maio. No Cear\u00e1, o governador Camilo Santana mostra preocupa\u00e7\u00e3o com o troca-troca de ministros. &#8220;A gente espera que o Minist\u00e9rio da Sa\u00fade possa assumir um papel de orienta\u00e7\u00e3o, discutindo o isolamento social, discutindo regras e aplicando protocolos. Esperamos que o pr\u00f3ximo ministro possa liderar as a\u00e7\u00f5es do pa\u00eds em parceria com os estados&#8221;, disse.<\/p>\n\n\n\n<figure class=\"wp-block-gallery columns-1 is-cropped wp-block-gallery-1 is-layout-flex wp-block-gallery-is-layout-flex\"><ul class=\"blocks-gallery-grid\"><li class=\"blocks-gallery-item\"><figure><img loading=\"lazy\" decoding=\"async\" width=\"678\" height=\"452\" src=\"http:\/\/blogdorogeriogomes.com.br\/wp-content\/uploads\/2020\/05\/images-17.jpeg\" alt=\"\" data-id=\"16706\" data-full-url=\"http:\/\/blogdorogeriogomes.com.br\/wp-content\/uploads\/2020\/05\/images-17.jpeg\" data-link=\"http:\/\/blogdorogeriogomes.com.br\/?attachment_id=16706\" class=\"wp-image-16706\" srcset=\"https:\/\/blogdorogeriogomes.com.br\/noticias\/wp-content\/uploads\/2020\/05\/images-17.jpeg 678w, https:\/\/blogdorogeriogomes.com.br\/noticias\/wp-content\/uploads\/2020\/05\/images-17-300x200.jpeg 300w\" sizes=\"auto, (max-width: 678px) 100vw, 678px\" \/><\/figure><\/li><\/ul><\/figure>\n\n\n\n<p>Apesar do &#8220;Lockdown&#8221;, a taxa de isolamento social no Cear\u00e1 chegou ao patamar de 50,15% nesta sexta-feira, dia 15 de maio. Camilo Santana quer atingir a meta de 70%.<\/p>\n\n\n\n<p>A situa\u00e7\u00e3o da pandemia se agrava a cada dia. Nesta sexta-feira, o Cear\u00e1 registrou um novo recorde de mortes por coronav\u00edrus: 153 em 24 horas. S\u00e3o 1.993 novos casos confirmados. No total, j\u00e1 s\u00e3o contabilizados no Estado 1.566 \u00f3bitos e 23.059 casos. <\/p>\n\n\n\n<p>O Brasil registrou mais 15.305 casos confirmados da Covid-19, chegando a 218.223 no total. \u00c9 o maior n\u00famero de novos diagn\u00f3sticos em um \u00fanico dia. O n\u00famero de mortes atualizado, por sua vez, \u00e9 de 14.817, com 824 \u00f3bitos confirmados nas \u00faltimas 24 horas.<\/p>\n","protected":false},"excerpt":{"rendered":"<p>O cen\u00e1rio no Minist\u00e9rio da Sa\u00fade \u00e9 de incertezas ap\u00f3s a sa\u00edda de Nelson Teich do comando da pasta. O presidente Jair Bolsonaro j\u00e1 deixou claro que quer algu\u00e9m alinhado ao pensamento dele: afrouxar de vez o isolamento social e criar protocolo do uso da cloroquina pelo Minist\u00e9rio, apesar de todos os estudos internacionais, at\u00e9 agora, apontarem para uma inefic\u00e1cia (e at\u00e9 riscos graves) do rem\u00e9dio no tratamento da Covid-19. O general Eduardo Pazuello, que j\u00e1 era o secret\u00e1rio&hellip;<\/p>\n","protected":false},"author":1,"featured_media":16706,"comment_status":"open","ping_status":"open","sticky":false,"template":"","format":"standard","meta":{"footnotes":""},"categories":[1],"tags":[],"class_list":["post-16705","post","type-post","status-publish","format-standard","has-post-thumbnail","hentry","category-noticias"],"_links":{"self":[{"href":"https:\/\/blogdorogeriogomes.com.br\/noticias\/wp-json\/wp\/v2\/posts\/16705","targetHints":{"allow":["GET"]}}],"collection":[{"href":"https:\/\/blogdorogeriogomes.com.br\/noticias\/wp-json\/wp\/v2\/posts"}],"about":[{"href":"https:\/\/blogdorogeriogomes.com.br\/noticias\/wp-json\/wp\/v2\/types\/post"}],"author":[{"embeddable":true,"href":"https:\/\/blogdorogeriogomes.com.br\/noticias\/wp-json\/wp\/v2\/users\/1"}],"replies":[{"embeddable":true,"href":"https:\/\/blogdorogeriogomes.com.br\/noticias\/wp-json\/wp\/v2\/comments?post=16705"}],"version-history":[{"count":1,"href":"https:\/\/blogdorogeriogomes.com.br\/noticias\/wp-json\/wp\/v2\/posts\/16705\/revisions"}],"predecessor-version":[{"id":16707,"href":"https:\/\/blogdorogeriogomes.com.br\/noticias\/wp-json\/wp\/v2\/posts\/16705\/revisions\/16707"}],"wp:featuredmedia":[{"embeddable":true,"href":"https:\/\/blogdorogeriogomes.com.br\/noticias\/wp-json\/wp\/v2\/media\/16706"}],"wp:attachment":[{"href":"https:\/\/blogdorogeriogomes.com.br\/noticias\/wp-json\/wp\/v2\/media?parent=16705"}],"wp:term":[{"taxonomy":"category","embeddable":true,"href":"https:\/\/blogdorogeriogomes.com.br\/noticias\/wp-json\/wp\/v2\/categories?post=16705"},{"taxonomy":"post_tag","embeddable":true,"href":"https:\/\/blogdorogeriogomes.com.br\/noticias\/wp-json\/wp\/v2\/tags?post=16705"}],"curies":[{"name":"wp","href":"https:\/\/api.w.org\/{rel}","templated":true}]}}