{"id":16708,"date":"2020-05-16T12:12:54","date_gmt":"2020-05-16T12:12:54","guid":{"rendered":"http:\/\/blogdorogeriogomes.com.br\/?p=16708"},"modified":"2020-05-18T09:43:42","modified_gmt":"2020-05-18T09:43:42","slug":"ceara-recebe-nova-carga-de-respiradores-e-insumos-medicos-da-china-neste-domingo","status":"publish","type":"post","link":"https:\/\/blogdorogeriogomes.com.br\/noticias\/2020\/05\/ceara-recebe-nova-carga-de-respiradores-e-insumos-medicos-da-china-neste-domingo\/","title":{"rendered":"Cear\u00e1 recebe nova carga de respiradores e insumos m\u00e9dicos da China neste domingo"},"content":{"rendered":"\n<p>O Cear\u00e1 recebe, neste domingo, dia 17 de maio, uma carga com 200 respiradores e quase 104 toneladas de Equipamentos de Prote\u00e7\u00e3o Individual (EPIs). Todo o material vai desembarcar no Aeroporto de Fortaleza em um avi\u00e3o vindo da China. A carga de respiradores ser\u00e1 um refor\u00e7o para implementa\u00e7\u00e3o de mais leitos de Unidades de Terapia Intensiva (UTIs), destinados a casos mais graves da Covid-19.&nbsp;O Governo do Estado revela que, desde o in\u00edcio da abertura de novos leitos por causa da pandemia do coronav\u00edrus, houve um aumento de 70% na quantidade de UTIs no Cear\u00e1.<\/p>\n\n\n\n<figure class=\"wp-block-gallery columns-1 is-cropped wp-block-gallery-1 is-layout-flex wp-block-gallery-is-layout-flex\"><ul class=\"blocks-gallery-grid\"><li class=\"blocks-gallery-item\"><figure><img loading=\"lazy\" decoding=\"async\" width=\"678\" height=\"452\" src=\"http:\/\/blogdorogeriogomes.com.br\/wp-content\/uploads\/2020\/05\/images-18.jpeg\" alt=\"\" data-id=\"16709\" data-full-url=\"http:\/\/blogdorogeriogomes.com.br\/wp-content\/uploads\/2020\/05\/images-18.jpeg\" data-link=\"http:\/\/blogdorogeriogomes.com.br\/?attachment_id=16709\" class=\"wp-image-16709\" srcset=\"https:\/\/blogdorogeriogomes.com.br\/noticias\/wp-content\/uploads\/2020\/05\/images-18.jpeg 678w, https:\/\/blogdorogeriogomes.com.br\/noticias\/wp-content\/uploads\/2020\/05\/images-18-300x200.jpeg 300w\" sizes=\"auto, (max-width: 678px) 100vw, 678px\" \/><\/figure><\/li><\/ul><\/figure>\n\n\n\n<p>A Prefeitura de Fortaleza entregou, nesta sexta-feira, mais 10 novos leitos de Unidades de Terapia Intensiva (UTI) no Instituto Jos\u00e9 Frota 2 (IJF2). Na oportunidade, o prefeito Roberto Cl\u00e1udio disparou cr\u00edticas a pol\u00edticos e parlamentares que utilizam o per\u00edodo da pandemia para fazer uso eleitoreiro nas redes sociais, de olho na sucess\u00e3o municipal prevista ainda para este ano. \u201cUm bando de oportunistas irrespons\u00e1veis\u201d, disse Roberto Cl\u00e1udio sem citar nomes, mas vinculando o grupo \u00e0s \u201cpatotinhas dos poderosos de Bras\u00edlia\u201d.<\/p>\n","protected":false},"excerpt":{"rendered":"<p>O Cear\u00e1 recebe, neste domingo, dia 17 de maio, uma carga com 200 respiradores e quase 104 toneladas de Equipamentos de Prote\u00e7\u00e3o Individual (EPIs). Todo o material vai desembarcar no Aeroporto de Fortaleza em um avi\u00e3o vindo da China. A carga de respiradores ser\u00e1 um refor\u00e7o para implementa\u00e7\u00e3o de mais leitos de Unidades de Terapia Intensiva (UTIs), destinados a casos mais graves da Covid-19.&nbsp;O Governo do Estado revela que, desde o in\u00edcio da abertura de novos leitos por causa&hellip;<\/p>\n","protected":false},"author":1,"featured_media":16709,"comment_status":"open","ping_status":"open","sticky":false,"template":"","format":"standard","meta":{"footnotes":""},"categories":[1],"tags":[],"class_list":["post-16708","post","type-post","status-publish","format-standard","has-post-thumbnail","hentry","category-noticias"],"_links":{"self":[{"href":"https:\/\/blogdorogeriogomes.com.br\/noticias\/wp-json\/wp\/v2\/posts\/16708","targetHints":{"allow":["GET"]}}],"collection":[{"href":"https:\/\/blogdorogeriogomes.com.br\/noticias\/wp-json\/wp\/v2\/posts"}],"about":[{"href":"https:\/\/blogdorogeriogomes.com.br\/noticias\/wp-json\/wp\/v2\/types\/post"}],"author":[{"embeddable":true,"href":"https:\/\/blogdorogeriogomes.com.br\/noticias\/wp-json\/wp\/v2\/users\/1"}],"replies":[{"embeddable":true,"href":"https:\/\/blogdorogeriogomes.com.br\/noticias\/wp-json\/wp\/v2\/comments?post=16708"}],"version-history":[{"count":2,"href":"https:\/\/blogdorogeriogomes.com.br\/noticias\/wp-json\/wp\/v2\/posts\/16708\/revisions"}],"predecessor-version":[{"id":16715,"href":"https:\/\/blogdorogeriogomes.com.br\/noticias\/wp-json\/wp\/v2\/posts\/16708\/revisions\/16715"}],"wp:featuredmedia":[{"embeddable":true,"href":"https:\/\/blogdorogeriogomes.com.br\/noticias\/wp-json\/wp\/v2\/media\/16709"}],"wp:attachment":[{"href":"https:\/\/blogdorogeriogomes.com.br\/noticias\/wp-json\/wp\/v2\/media?parent=16708"}],"wp:term":[{"taxonomy":"category","embeddable":true,"href":"https:\/\/blogdorogeriogomes.com.br\/noticias\/wp-json\/wp\/v2\/categories?post=16708"},{"taxonomy":"post_tag","embeddable":true,"href":"https:\/\/blogdorogeriogomes.com.br\/noticias\/wp-json\/wp\/v2\/tags?post=16708"}],"curies":[{"name":"wp","href":"https:\/\/api.w.org\/{rel}","templated":true}]}}