{"id":16716,"date":"2020-05-18T11:31:39","date_gmt":"2020-05-18T11:31:39","guid":{"rendered":"http:\/\/blogdorogeriogomes.com.br\/?p=16716"},"modified":"2020-05-18T17:17:09","modified_gmt":"2020-05-18T17:17:09","slug":"declaracoes-de-paulo-marinho-da-novos-contornos-na-investigacao-do-stf-contra-acoes-da-familia-bolsonaro","status":"publish","type":"post","link":"https:\/\/blogdorogeriogomes.com.br\/noticias\/2020\/05\/declaracoes-de-paulo-marinho-da-novos-contornos-na-investigacao-do-stf-contra-acoes-da-familia-bolsonaro\/","title":{"rendered":"Declara\u00e7\u00f5es de Paulo Marinho d\u00e1 novos contornos na investiga\u00e7\u00e3o do STF contra a\u00e7\u00f5es da fam\u00edlia Bolsonaro"},"content":{"rendered":"\n<p>O depoimento do empres\u00e1rio Paulo Marinho (PSDB), que j\u00e1 foi um aliado de primeira linha do presidente Jair Bolsonaro e dos seus filhos, estabeleceu novos contornos \u00e0 investiga\u00e7\u00e3o que corre no Supremo Tribunal Federal (STF) e apura se Bolsonaro interferiu na superintend\u00eancia da Pol\u00edcia Federal no Rio de Janeiro. <\/p>\n\n\n\n<p>Paulo Marinho afirmou em entrevista \u00e0 Folha de S. Paulo que Fl\u00e1vio Bolsonaro, de quem \u00e9 suplente no Senado Federal, o procurou ap\u00f3s o segundo turno das elei\u00e7\u00f5es presidenciais em 2018, e afirmou que teve conhecimento pr\u00e9vio sobre a Opera\u00e7\u00e3o Furna da On\u00e7a, da Pol\u00edcia Federal. A opera\u00e7\u00e3o citada investigava a pr\u00e1tica de &#8220;rachadinha&#8221; (quando funcion\u00e1rios do gabinete devolvem parte de seus sal\u00e1rios) entre deputados da Assembleia Legislativa do Rio de Janeiro, incluindo Fl\u00e1vio, ent\u00e3o deputado estadual no Rio de Janeiro. Marinho afirma que Fl\u00e1vio disse que a Pol\u00edcia Federal segurou a deflagra\u00e7\u00e3o da opera\u00e7\u00e3o para depois das elei\u00e7\u00f5es, para n\u00e3o prejudicar a candidatura de Bolsonaro \u00e0 presid\u00eancia e dele ao Senado.<\/p>\n\n\n\n<figure class=\"wp-block-gallery columns-1 is-cropped wp-block-gallery-1 is-layout-flex wp-block-gallery-is-layout-flex\"><ul class=\"blocks-gallery-grid\"><li class=\"blocks-gallery-item\"><figure><img loading=\"lazy\" decoding=\"async\" width=\"445\" height=\"330\" src=\"http:\/\/blogdorogeriogomes.com.br\/wp-content\/uploads\/2020\/05\/images-20.jpeg\" alt=\"\" data-id=\"16717\" data-full-url=\"http:\/\/blogdorogeriogomes.com.br\/wp-content\/uploads\/2020\/05\/images-20.jpeg\" data-link=\"http:\/\/blogdorogeriogomes.com.br\/?attachment_id=16717\" class=\"wp-image-16717\" srcset=\"https:\/\/blogdorogeriogomes.com.br\/noticias\/wp-content\/uploads\/2020\/05\/images-20.jpeg 445w, https:\/\/blogdorogeriogomes.com.br\/noticias\/wp-content\/uploads\/2020\/05\/images-20-300x222.jpeg 300w\" sizes=\"auto, (max-width: 445px) 100vw, 445px\" \/><\/figure><\/li><\/ul><\/figure>\n","protected":false},"excerpt":{"rendered":"<p>O depoimento do empres\u00e1rio Paulo Marinho (PSDB), que j\u00e1 foi um aliado de primeira linha do presidente Jair Bolsonaro e dos seus filhos, estabeleceu novos contornos \u00e0 investiga\u00e7\u00e3o que corre no Supremo Tribunal Federal (STF) e apura se Bolsonaro interferiu na superintend\u00eancia da Pol\u00edcia Federal no Rio de Janeiro. Paulo Marinho afirmou em entrevista \u00e0 Folha de S. Paulo que Fl\u00e1vio Bolsonaro, de quem \u00e9 suplente no Senado Federal, o procurou ap\u00f3s o segundo turno das elei\u00e7\u00f5es presidenciais em&hellip;<\/p>\n","protected":false},"author":1,"featured_media":16717,"comment_status":"open","ping_status":"open","sticky":false,"template":"","format":"standard","meta":{"footnotes":""},"categories":[1],"tags":[],"class_list":["post-16716","post","type-post","status-publish","format-standard","has-post-thumbnail","hentry","category-noticias"],"_links":{"self":[{"href":"https:\/\/blogdorogeriogomes.com.br\/noticias\/wp-json\/wp\/v2\/posts\/16716","targetHints":{"allow":["GET"]}}],"collection":[{"href":"https:\/\/blogdorogeriogomes.com.br\/noticias\/wp-json\/wp\/v2\/posts"}],"about":[{"href":"https:\/\/blogdorogeriogomes.com.br\/noticias\/wp-json\/wp\/v2\/types\/post"}],"author":[{"embeddable":true,"href":"https:\/\/blogdorogeriogomes.com.br\/noticias\/wp-json\/wp\/v2\/users\/1"}],"replies":[{"embeddable":true,"href":"https:\/\/blogdorogeriogomes.com.br\/noticias\/wp-json\/wp\/v2\/comments?post=16716"}],"version-history":[{"count":1,"href":"https:\/\/blogdorogeriogomes.com.br\/noticias\/wp-json\/wp\/v2\/posts\/16716\/revisions"}],"predecessor-version":[{"id":16718,"href":"https:\/\/blogdorogeriogomes.com.br\/noticias\/wp-json\/wp\/v2\/posts\/16716\/revisions\/16718"}],"wp:featuredmedia":[{"embeddable":true,"href":"https:\/\/blogdorogeriogomes.com.br\/noticias\/wp-json\/wp\/v2\/media\/16717"}],"wp:attachment":[{"href":"https:\/\/blogdorogeriogomes.com.br\/noticias\/wp-json\/wp\/v2\/media?parent=16716"}],"wp:term":[{"taxonomy":"category","embeddable":true,"href":"https:\/\/blogdorogeriogomes.com.br\/noticias\/wp-json\/wp\/v2\/categories?post=16716"},{"taxonomy":"post_tag","embeddable":true,"href":"https:\/\/blogdorogeriogomes.com.br\/noticias\/wp-json\/wp\/v2\/tags?post=16716"}],"curies":[{"name":"wp","href":"https:\/\/api.w.org\/{rel}","templated":true}]}}