{"id":16719,"date":"2020-05-18T11:58:42","date_gmt":"2020-05-18T11:58:42","guid":{"rendered":"http:\/\/blogdorogeriogomes.com.br\/?p=16719"},"modified":"2020-05-18T17:16:34","modified_gmt":"2020-05-18T17:16:34","slug":"ex-ministro-luiz-henrique-mandetta-alerta-que-uso-da-cloroquina-para-casos-leves-podera-causar-mortes-de-pacientes-em-casa","status":"publish","type":"post","link":"https:\/\/blogdorogeriogomes.com.br\/noticias\/2020\/05\/ex-ministro-luiz-henrique-mandetta-alerta-que-uso-da-cloroquina-para-casos-leves-podera-causar-mortes-de-pacientes-em-casa\/","title":{"rendered":"Ex-ministro Luiz Henrique Mandetta alerta que uso da cloroquina para casos leves poder\u00e1 causar mortes de pacientes em casa"},"content":{"rendered":"\n<p>O Minist\u00e9rio da Sa\u00fade continua nas m\u00e3os do interino general Eduardo Pazuello ap\u00f3s a sa\u00edda de Nelson Teich. A preocupa\u00e7\u00e3o no momento \u00e9 com a descontinuidade das a\u00e7\u00f5es do Minist\u00e9rio junto a estados e munic\u00edpios, que j\u00e1 era alvo de cr\u00edticas. Outro fator que preocupa governadores e prefeitos \u00e9 o desejo do presidente Jair Bolsonaro de ampliar o uso de cloroquina para pacientes com quadro leve do novo coronav\u00edrus. O ex-ministro da Sa\u00fade, Luiz Henrique Mandetta revelou em entrevista, nesta segunda-feira, dia 18 de maio, que a medida pode elevar a press\u00e3o de pacientes por vagas em UTIs e provocar mortes em casa por arritmia. Ele afirma ainda que resultados iniciais de estudos que recebeu ainda no governo j\u00e1 indicavam riscos no uso do medicamento.<\/p>\n\n\n\n<p>O Brasil teve 16.118 mortos por covid-19, a doen\u00e7a causada pelo novo coronav\u00edrus, neste domingo, dia 17. Foram 485 \u00f3bitos a mais registrados desde o s\u00e1bado, segundo boletim divulgado pelo Minist\u00e9rio da Sa\u00fade. O Pa\u00eds ultrapassou os 240 mil casos confirmados, com 241.080. O Cear\u00e1 tem 1.641&nbsp;\u00f3bitos, 24.255&nbsp;casos confirmados e 13.357&nbsp;recuperados de Covid-19.<\/p>\n\n\n\n<p><\/p>\n\n\n\n<figure class=\"wp-block-gallery columns-1 is-cropped wp-block-gallery-1 is-layout-flex wp-block-gallery-is-layout-flex\"><ul class=\"blocks-gallery-grid\"><li class=\"blocks-gallery-item\"><figure><img loading=\"lazy\" decoding=\"async\" width=\"667\" height=\"460\" src=\"http:\/\/blogdorogeriogomes.com.br\/wp-content\/uploads\/2020\/05\/images-1-3.jpeg\" alt=\"\" data-id=\"16720\" data-full-url=\"http:\/\/blogdorogeriogomes.com.br\/wp-content\/uploads\/2020\/05\/images-1-3.jpeg\" data-link=\"http:\/\/blogdorogeriogomes.com.br\/?attachment_id=16720\" class=\"wp-image-16720\" srcset=\"https:\/\/blogdorogeriogomes.com.br\/noticias\/wp-content\/uploads\/2020\/05\/images-1-3.jpeg 667w, https:\/\/blogdorogeriogomes.com.br\/noticias\/wp-content\/uploads\/2020\/05\/images-1-3-300x207.jpeg 300w\" sizes=\"auto, (max-width: 667px) 100vw, 667px\" \/><\/figure><\/li><\/ul><\/figure>\n","protected":false},"excerpt":{"rendered":"<p>O Minist\u00e9rio da Sa\u00fade continua nas m\u00e3os do interino general Eduardo Pazuello ap\u00f3s a sa\u00edda de Nelson Teich. A preocupa\u00e7\u00e3o no momento \u00e9 com a descontinuidade das a\u00e7\u00f5es do Minist\u00e9rio junto a estados e munic\u00edpios, que j\u00e1 era alvo de cr\u00edticas. Outro fator que preocupa governadores e prefeitos \u00e9 o desejo do presidente Jair Bolsonaro de ampliar o uso de cloroquina para pacientes com quadro leve do novo coronav\u00edrus. O ex-ministro da Sa\u00fade, Luiz Henrique Mandetta revelou em entrevista,&hellip;<\/p>\n","protected":false},"author":1,"featured_media":16720,"comment_status":"open","ping_status":"open","sticky":false,"template":"","format":"standard","meta":{"footnotes":""},"categories":[1],"tags":[],"class_list":["post-16719","post","type-post","status-publish","format-standard","has-post-thumbnail","hentry","category-noticias"],"_links":{"self":[{"href":"https:\/\/blogdorogeriogomes.com.br\/noticias\/wp-json\/wp\/v2\/posts\/16719","targetHints":{"allow":["GET"]}}],"collection":[{"href":"https:\/\/blogdorogeriogomes.com.br\/noticias\/wp-json\/wp\/v2\/posts"}],"about":[{"href":"https:\/\/blogdorogeriogomes.com.br\/noticias\/wp-json\/wp\/v2\/types\/post"}],"author":[{"embeddable":true,"href":"https:\/\/blogdorogeriogomes.com.br\/noticias\/wp-json\/wp\/v2\/users\/1"}],"replies":[{"embeddable":true,"href":"https:\/\/blogdorogeriogomes.com.br\/noticias\/wp-json\/wp\/v2\/comments?post=16719"}],"version-history":[{"count":2,"href":"https:\/\/blogdorogeriogomes.com.br\/noticias\/wp-json\/wp\/v2\/posts\/16719\/revisions"}],"predecessor-version":[{"id":16722,"href":"https:\/\/blogdorogeriogomes.com.br\/noticias\/wp-json\/wp\/v2\/posts\/16719\/revisions\/16722"}],"wp:featuredmedia":[{"embeddable":true,"href":"https:\/\/blogdorogeriogomes.com.br\/noticias\/wp-json\/wp\/v2\/media\/16720"}],"wp:attachment":[{"href":"https:\/\/blogdorogeriogomes.com.br\/noticias\/wp-json\/wp\/v2\/media?parent=16719"}],"wp:term":[{"taxonomy":"category","embeddable":true,"href":"https:\/\/blogdorogeriogomes.com.br\/noticias\/wp-json\/wp\/v2\/categories?post=16719"},{"taxonomy":"post_tag","embeddable":true,"href":"https:\/\/blogdorogeriogomes.com.br\/noticias\/wp-json\/wp\/v2\/tags?post=16719"}],"curies":[{"name":"wp","href":"https:\/\/api.w.org\/{rel}","templated":true}]}}