{"id":16723,"date":"2020-05-18T18:23:23","date_gmt":"2020-05-18T18:23:23","guid":{"rendered":"http:\/\/blogdorogeriogomes.com.br\/?p=16723"},"modified":"2020-05-18T23:07:07","modified_gmt":"2020-05-18T23:07:07","slug":"etufor-prorroga-o-prazo-de-validade-das-carteiras-de-estudante-de-2019-ate-o-dia-30-de-junho","status":"publish","type":"post","link":"https:\/\/blogdorogeriogomes.com.br\/noticias\/2020\/05\/etufor-prorroga-o-prazo-de-validade-das-carteiras-de-estudante-de-2019-ate-o-dia-30-de-junho\/","title":{"rendered":"Etufor prorroga o prazo de validade das carteiras de estudante de 2019 at\u00e9 o dia   30 de junho"},"content":{"rendered":"\n<p>Diante da quarentena que j\u00e1 dura mais de 60 dias, a Empresa de Transporte Urbano de Fortaleza (Etufor) decidiu prorrogar o prazo de validade das carteiras estudantis&nbsp;de 2019 at\u00e9 30 de junho de 2020. Quem possui o documento do ano passado pode&nbsp;continuar utilizando no transporte p\u00fablico de Fortaleza e para ter acesso \u00e0 meia entrada em&nbsp;programa\u00e7\u00f5es culturais, at\u00e9 o fim de junho.&nbsp;<\/p>\n\n\n\n<figure class=\"wp-block-gallery columns-1 is-cropped wp-block-gallery-1 is-layout-flex wp-block-gallery-is-layout-flex\"><ul class=\"blocks-gallery-grid\"><li class=\"blocks-gallery-item\"><figure><img loading=\"lazy\" decoding=\"async\" width=\"738\" height=\"415\" src=\"http:\/\/blogdorogeriogomes.com.br\/wp-content\/uploads\/2020\/05\/images-3-3.jpeg\" alt=\"\" data-id=\"16724\" data-full-url=\"http:\/\/blogdorogeriogomes.com.br\/wp-content\/uploads\/2020\/05\/images-3-3.jpeg\" data-link=\"http:\/\/blogdorogeriogomes.com.br\/?attachment_id=16724\" class=\"wp-image-16724\" srcset=\"https:\/\/blogdorogeriogomes.com.br\/noticias\/wp-content\/uploads\/2020\/05\/images-3-3.jpeg 738w, https:\/\/blogdorogeriogomes.com.br\/noticias\/wp-content\/uploads\/2020\/05\/images-3-3-300x169.jpeg 300w\" sizes=\"auto, (max-width: 738px) 100vw, 738px\" \/><\/figure><\/li><\/ul><\/figure>\n\n\n\n<p>Para solicitar a nova carteirinha, o estudante deve acessar a&nbsp;plataforma online disponibilizada pela Etufor, j\u00e1 que os atendimentos presenciais est\u00e3o suspensos devido \u00e0 pandemia.<\/p>\n","protected":false},"excerpt":{"rendered":"<p>Diante da quarentena que j\u00e1 dura mais de 60 dias, a Empresa de Transporte Urbano de Fortaleza (Etufor) decidiu prorrogar o prazo de validade das carteiras estudantis&nbsp;de 2019 at\u00e9 30 de junho de 2020. Quem possui o documento do ano passado pode&nbsp;continuar utilizando no transporte p\u00fablico de Fortaleza e para ter acesso \u00e0 meia entrada em&nbsp;programa\u00e7\u00f5es culturais, at\u00e9 o fim de junho.&nbsp; Para solicitar a nova carteirinha, o estudante deve acessar a&nbsp;plataforma online disponibilizada pela Etufor, j\u00e1 que os&hellip;<\/p>\n","protected":false},"author":1,"featured_media":16724,"comment_status":"open","ping_status":"open","sticky":false,"template":"","format":"standard","meta":{"footnotes":""},"categories":[1],"tags":[],"class_list":["post-16723","post","type-post","status-publish","format-standard","has-post-thumbnail","hentry","category-noticias"],"_links":{"self":[{"href":"https:\/\/blogdorogeriogomes.com.br\/noticias\/wp-json\/wp\/v2\/posts\/16723","targetHints":{"allow":["GET"]}}],"collection":[{"href":"https:\/\/blogdorogeriogomes.com.br\/noticias\/wp-json\/wp\/v2\/posts"}],"about":[{"href":"https:\/\/blogdorogeriogomes.com.br\/noticias\/wp-json\/wp\/v2\/types\/post"}],"author":[{"embeddable":true,"href":"https:\/\/blogdorogeriogomes.com.br\/noticias\/wp-json\/wp\/v2\/users\/1"}],"replies":[{"embeddable":true,"href":"https:\/\/blogdorogeriogomes.com.br\/noticias\/wp-json\/wp\/v2\/comments?post=16723"}],"version-history":[{"count":2,"href":"https:\/\/blogdorogeriogomes.com.br\/noticias\/wp-json\/wp\/v2\/posts\/16723\/revisions"}],"predecessor-version":[{"id":16726,"href":"https:\/\/blogdorogeriogomes.com.br\/noticias\/wp-json\/wp\/v2\/posts\/16723\/revisions\/16726"}],"wp:featuredmedia":[{"embeddable":true,"href":"https:\/\/blogdorogeriogomes.com.br\/noticias\/wp-json\/wp\/v2\/media\/16724"}],"wp:attachment":[{"href":"https:\/\/blogdorogeriogomes.com.br\/noticias\/wp-json\/wp\/v2\/media?parent=16723"}],"wp:term":[{"taxonomy":"category","embeddable":true,"href":"https:\/\/blogdorogeriogomes.com.br\/noticias\/wp-json\/wp\/v2\/categories?post=16723"},{"taxonomy":"post_tag","embeddable":true,"href":"https:\/\/blogdorogeriogomes.com.br\/noticias\/wp-json\/wp\/v2\/tags?post=16723"}],"curies":[{"name":"wp","href":"https:\/\/api.w.org\/{rel}","templated":true}]}}