{"id":16729,"date":"2020-05-19T00:21:34","date_gmt":"2020-05-19T00:21:34","guid":{"rendered":"http:\/\/blogdorogeriogomes.com.br\/?p=16729"},"modified":"2020-05-19T10:55:07","modified_gmt":"2020-05-19T10:55:07","slug":"camilo-santana-confirma-nova-reuniao-dos-governadores-com-bolsonaro-na-quinta-feira","status":"publish","type":"post","link":"https:\/\/blogdorogeriogomes.com.br\/noticias\/2020\/05\/camilo-santana-confirma-nova-reuniao-dos-governadores-com-bolsonaro-na-quinta-feira\/","title":{"rendered":"Camilo Santana confirma nova reuni\u00e3o dos governadores com Bolsonaro na quinta-feira"},"content":{"rendered":"\n<p>O governador do Cear\u00e1, Camilo Santana, confirmou uma nova reuni\u00e3o do presidente Jair Bolsonaro com.os governadores de todo o Pa\u00eds, atrav\u00e9s de videoconfer\u00eancia, na pr\u00f3xima quinta-feira, dia 21 de maio. A pauta do encontro \u00e9 uma avalia\u00e7\u00e3o do combate \u00e0 Covid-19 nos estados. Bolsonaro dever\u00e1 mais uma vez tentar sensibilizar os governadores a reduzir as a\u00e7\u00f5es de isolamento social. O presidente deve apresentar o plano do Governo Federal de socorro financeiro aos estados por conta da queda de arrecada\u00e7\u00e3o com o Imposto de Circula\u00e7\u00e3o de Mercadorias e Servi\u00e7os (ICMS). <\/p>\n\n\n\n<p>Com a chegada de mais 200 respiradores no Cear\u00e1, nesta segunda-feira, dia 18, vindos da China, o governador Camilo Santana espera abrir pelo menos mais 200 leitos de UTI no Estado.<\/p>\n\n\n\n<p>O Cear\u00e1 chegou a 26.363 casos confirmados e 1.748 mortes pela Covid-19, de acordo com boletim da Secretaria de Sa\u00fade do Cear\u00e1 divulgado no fim da tarde desta segunda-feira. Foram 2.108 casos e 107 \u00f3bitos a mais nas \u00faltimas 24 horas.<\/p>\n\n\n\n<p>No Brasil, s\u00e3o 254.220 casos oficiais, 13.140 dos quais confirmados entre domingo e segunda-feira, dia 18, pelo Minist\u00e9rio da Sa\u00fade. Foram registrados 16.792 \u00f3bitos, sendo 674 nas \u00faltimas 24 horas.<\/p>\n\n\n\n<figure class=\"wp-block-gallery columns-1 is-cropped wp-block-gallery-1 is-layout-flex wp-block-gallery-is-layout-flex\"><ul class=\"blocks-gallery-grid\"><li class=\"blocks-gallery-item\"><figure><img loading=\"lazy\" decoding=\"async\" width=\"678\" height=\"452\" src=\"http:\/\/blogdorogeriogomes.com.br\/wp-content\/uploads\/2020\/05\/images-5-2.jpeg\" alt=\"\" data-id=\"16730\" data-full-url=\"http:\/\/blogdorogeriogomes.com.br\/wp-content\/uploads\/2020\/05\/images-5-2.jpeg\" data-link=\"http:\/\/blogdorogeriogomes.com.br\/?attachment_id=16730\" class=\"wp-image-16730\" srcset=\"https:\/\/blogdorogeriogomes.com.br\/noticias\/wp-content\/uploads\/2020\/05\/images-5-2.jpeg 678w, https:\/\/blogdorogeriogomes.com.br\/noticias\/wp-content\/uploads\/2020\/05\/images-5-2-300x200.jpeg 300w\" sizes=\"auto, (max-width: 678px) 100vw, 678px\" \/><\/figure><\/li><\/ul><\/figure>\n\n\n\n<p><\/p>\n","protected":false},"excerpt":{"rendered":"<p>O governador do Cear\u00e1, Camilo Santana, confirmou uma nova reuni\u00e3o do presidente Jair Bolsonaro com.os governadores de todo o Pa\u00eds, atrav\u00e9s de videoconfer\u00eancia, na pr\u00f3xima quinta-feira, dia 21 de maio. A pauta do encontro \u00e9 uma avalia\u00e7\u00e3o do combate \u00e0 Covid-19 nos estados. Bolsonaro dever\u00e1 mais uma vez tentar sensibilizar os governadores a reduzir as a\u00e7\u00f5es de isolamento social. O presidente deve apresentar o plano do Governo Federal de socorro financeiro aos estados por conta da queda de arrecada\u00e7\u00e3o&hellip;<\/p>\n","protected":false},"author":1,"featured_media":16730,"comment_status":"open","ping_status":"open","sticky":false,"template":"","format":"standard","meta":{"footnotes":""},"categories":[1],"tags":[],"class_list":["post-16729","post","type-post","status-publish","format-standard","has-post-thumbnail","hentry","category-noticias"],"_links":{"self":[{"href":"https:\/\/blogdorogeriogomes.com.br\/noticias\/wp-json\/wp\/v2\/posts\/16729","targetHints":{"allow":["GET"]}}],"collection":[{"href":"https:\/\/blogdorogeriogomes.com.br\/noticias\/wp-json\/wp\/v2\/posts"}],"about":[{"href":"https:\/\/blogdorogeriogomes.com.br\/noticias\/wp-json\/wp\/v2\/types\/post"}],"author":[{"embeddable":true,"href":"https:\/\/blogdorogeriogomes.com.br\/noticias\/wp-json\/wp\/v2\/users\/1"}],"replies":[{"embeddable":true,"href":"https:\/\/blogdorogeriogomes.com.br\/noticias\/wp-json\/wp\/v2\/comments?post=16729"}],"version-history":[{"count":1,"href":"https:\/\/blogdorogeriogomes.com.br\/noticias\/wp-json\/wp\/v2\/posts\/16729\/revisions"}],"predecessor-version":[{"id":16731,"href":"https:\/\/blogdorogeriogomes.com.br\/noticias\/wp-json\/wp\/v2\/posts\/16729\/revisions\/16731"}],"wp:featuredmedia":[{"embeddable":true,"href":"https:\/\/blogdorogeriogomes.com.br\/noticias\/wp-json\/wp\/v2\/media\/16730"}],"wp:attachment":[{"href":"https:\/\/blogdorogeriogomes.com.br\/noticias\/wp-json\/wp\/v2\/media?parent=16729"}],"wp:term":[{"taxonomy":"category","embeddable":true,"href":"https:\/\/blogdorogeriogomes.com.br\/noticias\/wp-json\/wp\/v2\/categories?post=16729"},{"taxonomy":"post_tag","embeddable":true,"href":"https:\/\/blogdorogeriogomes.com.br\/noticias\/wp-json\/wp\/v2\/tags?post=16729"}],"curies":[{"name":"wp","href":"https:\/\/api.w.org\/{rel}","templated":true}]}}