{"id":16732,"date":"2020-05-19T10:49:53","date_gmt":"2020-05-19T10:49:53","guid":{"rendered":"http:\/\/blogdorogeriogomes.com.br\/?p=16732"},"modified":"2020-05-19T10:55:38","modified_gmt":"2020-05-19T10:55:38","slug":"reuniao-entre-governador-e-prefeito-nesta-terca-feira-definira-proximos-passos-da-quarentena","status":"publish","type":"post","link":"https:\/\/blogdorogeriogomes.com.br\/noticias\/2020\/05\/reuniao-entre-governador-e-prefeito-nesta-terca-feira-definira-proximos-passos-da-quarentena\/","title":{"rendered":"Reuni\u00e3o entre governador e prefeito nesta ter\u00e7a-feira definir\u00e1 pr\u00f3ximos passos da quarentena"},"content":{"rendered":"\n<p>Uma reuni\u00e3o nesta ter\u00e7a-feira, dia 19 de maio, entre o governador do Cear\u00e1, Camilo Santana, e o prefeito de Fortaleza, Roberto Cl\u00e1udio, vai definir sobre a continuidade ou n\u00e3o da quarentena no Cear\u00e1. Atualmente, h\u00e1 decretos de isolamento social nos \u00e2mbitos da Prefeitura de Fortaleza e do Governo do Estado. O decreto do governador vence nesta quarta-feira, dia 20. O do prefeito vai at\u00e9 sexta-feira, dia 22.<\/p>\n\n\n\n<p>H\u00e1 uma preocupa\u00e7\u00e3o maior com Fortaleza, que continua ser o epicentro da pandemia do coronav\u00edrus no Cear\u00e1. A maioria dos casos da Covid-19 no Estado se concentra na Capital, com 16.169 confirma\u00e7\u00f5es e 1.253 mortes.<\/p>\n\n\n\n<p>O governador Camilo Santana disse que o plano de retomada da economia do Cear\u00e1, quando a pandemia reduzir as infec\u00e7\u00f5es, deve ser finalizado ainda esta semana.<\/p>\n\n\n\n<figure class=\"wp-block-gallery columns-1 is-cropped wp-block-gallery-1 is-layout-flex wp-block-gallery-is-layout-flex\"><ul class=\"blocks-gallery-grid\"><li class=\"blocks-gallery-item\"><figure><img loading=\"lazy\" decoding=\"async\" width=\"400\" height=\"223\" src=\"http:\/\/blogdorogeriogomes.com.br\/wp-content\/uploads\/2020\/05\/6B220525-EF09-4DD5-B5EA-DE5F71358447.jpeg\" alt=\"\" data-id=\"16733\" data-full-url=\"http:\/\/blogdorogeriogomes.com.br\/wp-content\/uploads\/2020\/05\/6B220525-EF09-4DD5-B5EA-DE5F71358447.jpeg\" data-link=\"http:\/\/blogdorogeriogomes.com.br\/?attachment_id=16733\" class=\"wp-image-16733\" srcset=\"https:\/\/blogdorogeriogomes.com.br\/noticias\/wp-content\/uploads\/2020\/05\/6B220525-EF09-4DD5-B5EA-DE5F71358447.jpeg 400w, https:\/\/blogdorogeriogomes.com.br\/noticias\/wp-content\/uploads\/2020\/05\/6B220525-EF09-4DD5-B5EA-DE5F71358447-300x167.jpeg 300w\" sizes=\"auto, (max-width: 400px) 100vw, 400px\" \/><\/figure><\/li><\/ul><\/figure>\n","protected":false},"excerpt":{"rendered":"<p>Uma reuni\u00e3o nesta ter\u00e7a-feira, dia 19 de maio, entre o governador do Cear\u00e1, Camilo Santana, e o prefeito de Fortaleza, Roberto Cl\u00e1udio, vai definir sobre a continuidade ou n\u00e3o da quarentena no Cear\u00e1. Atualmente, h\u00e1 decretos de isolamento social nos \u00e2mbitos da Prefeitura de Fortaleza e do Governo do Estado. O decreto do governador vence nesta quarta-feira, dia 20. O do prefeito vai at\u00e9 sexta-feira, dia 22. H\u00e1 uma preocupa\u00e7\u00e3o maior com Fortaleza, que continua ser o epicentro da&hellip;<\/p>\n","protected":false},"author":1,"featured_media":16733,"comment_status":"open","ping_status":"open","sticky":false,"template":"","format":"standard","meta":{"footnotes":""},"categories":[1],"tags":[],"class_list":["post-16732","post","type-post","status-publish","format-standard","has-post-thumbnail","hentry","category-noticias"],"_links":{"self":[{"href":"https:\/\/blogdorogeriogomes.com.br\/noticias\/wp-json\/wp\/v2\/posts\/16732","targetHints":{"allow":["GET"]}}],"collection":[{"href":"https:\/\/blogdorogeriogomes.com.br\/noticias\/wp-json\/wp\/v2\/posts"}],"about":[{"href":"https:\/\/blogdorogeriogomes.com.br\/noticias\/wp-json\/wp\/v2\/types\/post"}],"author":[{"embeddable":true,"href":"https:\/\/blogdorogeriogomes.com.br\/noticias\/wp-json\/wp\/v2\/users\/1"}],"replies":[{"embeddable":true,"href":"https:\/\/blogdorogeriogomes.com.br\/noticias\/wp-json\/wp\/v2\/comments?post=16732"}],"version-history":[{"count":1,"href":"https:\/\/blogdorogeriogomes.com.br\/noticias\/wp-json\/wp\/v2\/posts\/16732\/revisions"}],"predecessor-version":[{"id":16734,"href":"https:\/\/blogdorogeriogomes.com.br\/noticias\/wp-json\/wp\/v2\/posts\/16732\/revisions\/16734"}],"wp:featuredmedia":[{"embeddable":true,"href":"https:\/\/blogdorogeriogomes.com.br\/noticias\/wp-json\/wp\/v2\/media\/16733"}],"wp:attachment":[{"href":"https:\/\/blogdorogeriogomes.com.br\/noticias\/wp-json\/wp\/v2\/media?parent=16732"}],"wp:term":[{"taxonomy":"category","embeddable":true,"href":"https:\/\/blogdorogeriogomes.com.br\/noticias\/wp-json\/wp\/v2\/categories?post=16732"},{"taxonomy":"post_tag","embeddable":true,"href":"https:\/\/blogdorogeriogomes.com.br\/noticias\/wp-json\/wp\/v2\/tags?post=16732"}],"curies":[{"name":"wp","href":"https:\/\/api.w.org\/{rel}","templated":true}]}}