{"id":16747,"date":"2020-05-19T20:23:51","date_gmt":"2020-05-19T20:23:51","guid":{"rendered":"http:\/\/blogdorogeriogomes.com.br\/?p=16747"},"modified":"2020-05-20T12:21:58","modified_gmt":"2020-05-20T12:21:58","slug":"rodrigo-maia-ja-admite-que-o-congresso-estique-prazo-para-eleicoes-e-tambem-para-a-realizacao-do-enem-2020","status":"publish","type":"post","link":"https:\/\/blogdorogeriogomes.com.br\/noticias\/2020\/05\/rodrigo-maia-ja-admite-que-o-congresso-estique-prazo-para-eleicoes-e-tambem-para-a-realizacao-do-enem-2020\/","title":{"rendered":"Rodrigo Maia j\u00e1 admite que o Congresso estique prazo para elei\u00e7\u00f5es e tamb\u00e9m para a realiza\u00e7\u00e3o do Enem 2020"},"content":{"rendered":"\n<p>O presidente da C\u00e2mara dos Deputados, Rodrigo Maia, determinou a forma\u00e7\u00e3o de um grupo de parlamentares para debater o poss\u00edvel adiamento das elei\u00e7\u00f5es municipais deste ano por conta do coronav\u00edrus. Autoridades de sa\u00fade recomendam que as pessoas evitem aglomera\u00e7\u00f5es para diminuir a propaga\u00e7\u00e3o da Covid-19.&nbsp;Uma das possibilidade \u00e9 que as elei\u00e7\u00f5es ocorram em dezembro, para evitar prorroga\u00e7\u00e3o &nbsp;de mandatos de prefeitos e vereadores.&nbsp;<\/p>\n\n\n\n<p>&#8220;A maioria dos parlamentares entende que podemos ter o adiamento, mas n\u00e3o devemos ter a prorroga\u00e7\u00e3o de nenhum mandato&#8221;, disse Rodrigo Maia. O 1\u00b0 turno das elei\u00e7\u00f5es municipais est\u00e1 marcado para 4 de outubro deste ano.<\/p>\n\n\n\n<p>Rodrigo Maia tamb\u00e9m declarou, nesta ter\u00e7a-feira, dia 19 de maio, que o ambiente na C\u00e2mara e no Senado \u00e9 pelo adiamento do Exame Nacional do Ensino M\u00e9dio(Enem). Ele declarou que o ideal era que o adiamento partisse do pr\u00f3prio Governo Federal, mas, at\u00e9 o momento, nem o Planalto nem o Minist\u00e9rio da Educa\u00e7\u00e3o tomaram uma atitude concreta nesse sentido. <\/p>\n\n\n\n<p>O ministro da Educa\u00e7\u00e3o, Abraham Weintraub, disse que a pasta far\u00e1 uma consulta a todos os inscritos no Enem para saber se os candidatos s\u00e3o favor\u00e1veis \u00e0 manuten\u00e7\u00e3o da data, ao adiamento do exame por 30 dias ou a suspens\u00e3o da prova at\u00e9 o fim da pandemia do novo coronav\u00edrus.<\/p>\n\n\n\n<figure class=\"wp-block-gallery columns-1 is-cropped wp-block-gallery-1 is-layout-flex wp-block-gallery-is-layout-flex\"><ul class=\"blocks-gallery-grid\"><li class=\"blocks-gallery-item\"><figure><img loading=\"lazy\" decoding=\"async\" width=\"652\" height=\"408\" src=\"http:\/\/blogdorogeriogomes.com.br\/wp-content\/uploads\/2020\/05\/images-7-2.jpeg\" alt=\"\" data-id=\"16748\" data-full-url=\"http:\/\/blogdorogeriogomes.com.br\/wp-content\/uploads\/2020\/05\/images-7-2.jpeg\" data-link=\"http:\/\/blogdorogeriogomes.com.br\/?attachment_id=16748\" class=\"wp-image-16748\" srcset=\"https:\/\/blogdorogeriogomes.com.br\/noticias\/wp-content\/uploads\/2020\/05\/images-7-2.jpeg 652w, https:\/\/blogdorogeriogomes.com.br\/noticias\/wp-content\/uploads\/2020\/05\/images-7-2-300x188.jpeg 300w\" sizes=\"auto, (max-width: 652px) 100vw, 652px\" \/><\/figure><\/li><\/ul><\/figure>\n","protected":false},"excerpt":{"rendered":"<p>O presidente da C\u00e2mara dos Deputados, Rodrigo Maia, determinou a forma\u00e7\u00e3o de um grupo de parlamentares para debater o poss\u00edvel adiamento das elei\u00e7\u00f5es municipais deste ano por conta do coronav\u00edrus. Autoridades de sa\u00fade recomendam que as pessoas evitem aglomera\u00e7\u00f5es para diminuir a propaga\u00e7\u00e3o da Covid-19.&nbsp;Uma das possibilidade \u00e9 que as elei\u00e7\u00f5es ocorram em dezembro, para evitar prorroga\u00e7\u00e3o &nbsp;de mandatos de prefeitos e vereadores.&nbsp; &#8220;A maioria dos parlamentares entende que podemos ter o adiamento, mas n\u00e3o devemos ter a prorroga\u00e7\u00e3o&hellip;<\/p>\n","protected":false},"author":1,"featured_media":16748,"comment_status":"open","ping_status":"open","sticky":false,"template":"","format":"standard","meta":{"footnotes":""},"categories":[1],"tags":[],"class_list":["post-16747","post","type-post","status-publish","format-standard","has-post-thumbnail","hentry","category-noticias"],"_links":{"self":[{"href":"https:\/\/blogdorogeriogomes.com.br\/noticias\/wp-json\/wp\/v2\/posts\/16747","targetHints":{"allow":["GET"]}}],"collection":[{"href":"https:\/\/blogdorogeriogomes.com.br\/noticias\/wp-json\/wp\/v2\/posts"}],"about":[{"href":"https:\/\/blogdorogeriogomes.com.br\/noticias\/wp-json\/wp\/v2\/types\/post"}],"author":[{"embeddable":true,"href":"https:\/\/blogdorogeriogomes.com.br\/noticias\/wp-json\/wp\/v2\/users\/1"}],"replies":[{"embeddable":true,"href":"https:\/\/blogdorogeriogomes.com.br\/noticias\/wp-json\/wp\/v2\/comments?post=16747"}],"version-history":[{"count":2,"href":"https:\/\/blogdorogeriogomes.com.br\/noticias\/wp-json\/wp\/v2\/posts\/16747\/revisions"}],"predecessor-version":[{"id":16762,"href":"https:\/\/blogdorogeriogomes.com.br\/noticias\/wp-json\/wp\/v2\/posts\/16747\/revisions\/16762"}],"wp:featuredmedia":[{"embeddable":true,"href":"https:\/\/blogdorogeriogomes.com.br\/noticias\/wp-json\/wp\/v2\/media\/16748"}],"wp:attachment":[{"href":"https:\/\/blogdorogeriogomes.com.br\/noticias\/wp-json\/wp\/v2\/media?parent=16747"}],"wp:term":[{"taxonomy":"category","embeddable":true,"href":"https:\/\/blogdorogeriogomes.com.br\/noticias\/wp-json\/wp\/v2\/categories?post=16747"},{"taxonomy":"post_tag","embeddable":true,"href":"https:\/\/blogdorogeriogomes.com.br\/noticias\/wp-json\/wp\/v2\/tags?post=16747"}],"curies":[{"name":"wp","href":"https:\/\/api.w.org\/{rel}","templated":true}]}}