{"id":16751,"date":"2020-05-20T00:03:02","date_gmt":"2020-05-20T00:03:02","guid":{"rendered":"http:\/\/blogdorogeriogomes.com.br\/?p=16751"},"modified":"2020-05-20T12:21:49","modified_gmt":"2020-05-20T12:21:49","slug":"vereadores-de-fortaleza-aprovam-credito-especial-de-r-60-milhoes-para-combate-a-pandemia-do-coronavirus","status":"publish","type":"post","link":"https:\/\/blogdorogeriogomes.com.br\/noticias\/2020\/05\/vereadores-de-fortaleza-aprovam-credito-especial-de-r-60-milhoes-para-combate-a-pandemia-do-coronavirus\/","title":{"rendered":"Vereadores de Fortaleza aprovam cr\u00e9dito especial de R$ 60 milh\u00f5es para combate \u00e0 pandemia do coronav\u00edrus"},"content":{"rendered":"\n<p>Vereadores de Fortaleza aprovaram durante sess\u00e3o virtual, nesta ter\u00e7a-feira, dia 19 de maio, a amplia\u00e7\u00e3o de cr\u00e9dito adicional especial ao or\u00e7amento do Munic\u00edpio. O limite passou de R$ 20 milh\u00f5es para R$ 60 milh\u00f5es, sem comprometer o valor total do or\u00e7amento, j\u00e1 apreciado e aprovado pela C\u00e2mara Municipal de Fortaleza.<\/p>\n\n\n\n<p>Os valores ser\u00e3o usados para cobrir despesas da Prefeitura da Capital com as a\u00e7\u00f5es contra a Covid-19, al\u00e9m de outros gastos provocados por ajustes no or\u00e7amento diante do estado de calamidade provocado pela pandemia.<\/p>\n\n\n\n<p>De acordo com o boletim da Secretaria da Sa\u00fade do Cear\u00e1, o Cear\u00e1 possui hoje&nbsp;28.112 casos confirmados e 1.856 mortos pela Covid-19.  Foram 108 \u00f3bitos a mais nas \u00faltimas 24 horas. A maioria dos casos se concentra em Fortaleza com 16.635 casos e 1.306 mortes.<\/p>\n\n\n\n<p>No Brasil, os n\u00fameros desta ter\u00e7a-feira bateram recordes. Nas \u00faltimas 24 horas, foram contabilizados 1.179 \u00f3bitos pela doen\u00e7a causada pelo coronav\u00edrus. Sem ministro da Sa\u00fade desde a sexta-feira passada ap\u00f3s a sa\u00edda de Nelson Teich, o Pa\u00eds tem um total de 17.971 mortes e 271.628 casos oficiais.<\/p>\n\n\n\n<figure class=\"wp-block-gallery columns-1 is-cropped wp-block-gallery-1 is-layout-flex wp-block-gallery-is-layout-flex\"><ul class=\"blocks-gallery-grid\"><li class=\"blocks-gallery-item\"><figure><img loading=\"lazy\" decoding=\"async\" width=\"1024\" height=\"578\" src=\"http:\/\/blogdorogeriogomes.com.br\/wp-content\/uploads\/2020\/05\/IMG-20200519-WA0212-1024x578.jpg\" alt=\"\" data-id=\"16752\" data-full-url=\"http:\/\/blogdorogeriogomes.com.br\/wp-content\/uploads\/2020\/05\/IMG-20200519-WA0212.jpg\" data-link=\"http:\/\/blogdorogeriogomes.com.br\/?attachment_id=16752\" class=\"wp-image-16752\" srcset=\"https:\/\/blogdorogeriogomes.com.br\/noticias\/wp-content\/uploads\/2020\/05\/IMG-20200519-WA0212-1024x578.jpg 1024w, https:\/\/blogdorogeriogomes.com.br\/noticias\/wp-content\/uploads\/2020\/05\/IMG-20200519-WA0212-300x169.jpg 300w, https:\/\/blogdorogeriogomes.com.br\/noticias\/wp-content\/uploads\/2020\/05\/IMG-20200519-WA0212-768x433.jpg 768w, https:\/\/blogdorogeriogomes.com.br\/noticias\/wp-content\/uploads\/2020\/05\/IMG-20200519-WA0212-800x452.jpg 800w, https:\/\/blogdorogeriogomes.com.br\/noticias\/wp-content\/uploads\/2020\/05\/IMG-20200519-WA0212.jpg 1102w\" sizes=\"auto, (max-width: 1024px) 100vw, 1024px\" \/><\/figure><\/li><\/ul><\/figure>\n","protected":false},"excerpt":{"rendered":"<p>Vereadores de Fortaleza aprovaram durante sess\u00e3o virtual, nesta ter\u00e7a-feira, dia 19 de maio, a amplia\u00e7\u00e3o de cr\u00e9dito adicional especial ao or\u00e7amento do Munic\u00edpio. O limite passou de R$ 20 milh\u00f5es para R$ 60 milh\u00f5es, sem comprometer o valor total do or\u00e7amento, j\u00e1 apreciado e aprovado pela C\u00e2mara Municipal de Fortaleza. Os valores ser\u00e3o usados para cobrir despesas da Prefeitura da Capital com as a\u00e7\u00f5es contra a Covid-19, al\u00e9m de outros gastos provocados por ajustes no or\u00e7amento diante do estado&hellip;<\/p>\n","protected":false},"author":1,"featured_media":16752,"comment_status":"open","ping_status":"open","sticky":false,"template":"","format":"standard","meta":{"footnotes":""},"categories":[1],"tags":[],"class_list":["post-16751","post","type-post","status-publish","format-standard","has-post-thumbnail","hentry","category-noticias"],"_links":{"self":[{"href":"https:\/\/blogdorogeriogomes.com.br\/noticias\/wp-json\/wp\/v2\/posts\/16751","targetHints":{"allow":["GET"]}}],"collection":[{"href":"https:\/\/blogdorogeriogomes.com.br\/noticias\/wp-json\/wp\/v2\/posts"}],"about":[{"href":"https:\/\/blogdorogeriogomes.com.br\/noticias\/wp-json\/wp\/v2\/types\/post"}],"author":[{"embeddable":true,"href":"https:\/\/blogdorogeriogomes.com.br\/noticias\/wp-json\/wp\/v2\/users\/1"}],"replies":[{"embeddable":true,"href":"https:\/\/blogdorogeriogomes.com.br\/noticias\/wp-json\/wp\/v2\/comments?post=16751"}],"version-history":[{"count":2,"href":"https:\/\/blogdorogeriogomes.com.br\/noticias\/wp-json\/wp\/v2\/posts\/16751\/revisions"}],"predecessor-version":[{"id":16761,"href":"https:\/\/blogdorogeriogomes.com.br\/noticias\/wp-json\/wp\/v2\/posts\/16751\/revisions\/16761"}],"wp:featuredmedia":[{"embeddable":true,"href":"https:\/\/blogdorogeriogomes.com.br\/noticias\/wp-json\/wp\/v2\/media\/16752"}],"wp:attachment":[{"href":"https:\/\/blogdorogeriogomes.com.br\/noticias\/wp-json\/wp\/v2\/media?parent=16751"}],"wp:term":[{"taxonomy":"category","embeddable":true,"href":"https:\/\/blogdorogeriogomes.com.br\/noticias\/wp-json\/wp\/v2\/categories?post=16751"},{"taxonomy":"post_tag","embeddable":true,"href":"https:\/\/blogdorogeriogomes.com.br\/noticias\/wp-json\/wp\/v2\/tags?post=16751"}],"curies":[{"name":"wp","href":"https:\/\/api.w.org\/{rel}","templated":true}]}}