{"id":16754,"date":"2020-05-20T10:56:31","date_gmt":"2020-05-20T10:56:31","guid":{"rendered":"http:\/\/blogdorogeriogomes.com.br\/?p=16754"},"modified":"2020-05-20T12:21:40","modified_gmt":"2020-05-20T12:21:40","slug":"senado-adia-realizacao-do-enem-2020-proposta-segue-para-votacao-da-camara-dos-deputados","status":"publish","type":"post","link":"https:\/\/blogdorogeriogomes.com.br\/noticias\/2020\/05\/senado-adia-realizacao-do-enem-2020-proposta-segue-para-votacao-da-camara-dos-deputados\/","title":{"rendered":"Senado adia realiza\u00e7\u00e3o do Enem 2020. Proposta segue para vota\u00e7\u00e3o da C\u00e2mara dos Deputados"},"content":{"rendered":"\n<p>Estudantes de escolas p\u00fablicas que v\u00eam enfrentando dificuldades para se preparar de forma on line (maioria nem computador tem) para o Exame Nacional do Ensino M\u00e9dio (Enem) se mostram aliviados com a decis\u00e3o do Senado Federal em adiar as provas previstas para novembro deste ano. <\/p>\n\n\n\n<p>O Senado aprovou projeto de lei determinando o adiamento das provas devido \u00e0 pandemia do coronav\u00edrus. O texto recebeu nesta ter\u00e7a-feira, dia 19 de maio, a aprova\u00e7\u00e3oo de 75 senadores. O \u00fanico voto contr\u00e1rio foi o de Fl\u00e1vio Bolsonaro (Republicanos-RJ). A &nbsp;proposta ser\u00e1 encaminhada \u00e0 C\u00e2mara dos Deputados.&nbsp;<\/p>\n\n\n\n<p>De acordo com o senador cearense Cid Gomes (PDT), que votou a favor do adiamento, a proposta prev\u00ea a prorroga\u00e7\u00e3o autom\u00e1tica de prazos n\u00e3o s\u00f3 do Enem, mas de todas as provas, exames e demais atividades para acesso ao ensino superior em caso de estado de calamidade ou de comprometimento do regular funcionamento das institui\u00e7\u00f5es de ensino do Pa\u00eds.<\/p>\n\n\n\n<figure class=\"wp-block-gallery columns-1 is-cropped wp-block-gallery-1 is-layout-flex wp-block-gallery-is-layout-flex\"><ul class=\"blocks-gallery-grid\"><li class=\"blocks-gallery-item\"><figure><img loading=\"lazy\" decoding=\"async\" width=\"1024\" height=\"682\" src=\"http:\/\/blogdorogeriogomes.com.br\/wp-content\/uploads\/2020\/05\/IMG-20200519-WA0285-1024x682.jpg\" alt=\"\" data-id=\"16755\" data-full-url=\"http:\/\/blogdorogeriogomes.com.br\/wp-content\/uploads\/2020\/05\/IMG-20200519-WA0285.jpg\" data-link=\"http:\/\/blogdorogeriogomes.com.br\/?attachment_id=16755\" class=\"wp-image-16755\" srcset=\"https:\/\/blogdorogeriogomes.com.br\/noticias\/wp-content\/uploads\/2020\/05\/IMG-20200519-WA0285-1024x682.jpg 1024w, https:\/\/blogdorogeriogomes.com.br\/noticias\/wp-content\/uploads\/2020\/05\/IMG-20200519-WA0285-300x200.jpg 300w, https:\/\/blogdorogeriogomes.com.br\/noticias\/wp-content\/uploads\/2020\/05\/IMG-20200519-WA0285-768x512.jpg 768w, https:\/\/blogdorogeriogomes.com.br\/noticias\/wp-content\/uploads\/2020\/05\/IMG-20200519-WA0285-800x533.jpg 800w, https:\/\/blogdorogeriogomes.com.br\/noticias\/wp-content\/uploads\/2020\/05\/IMG-20200519-WA0285.jpg 1280w\" sizes=\"auto, (max-width: 1024px) 100vw, 1024px\" \/><\/figure><\/li><\/ul><\/figure>\n\n\n\n<p><\/p>\n\n\n\n<p><\/p>\n\n\n\n<p> <\/p>\n","protected":false},"excerpt":{"rendered":"<p>Estudantes de escolas p\u00fablicas que v\u00eam enfrentando dificuldades para se preparar de forma on line (maioria nem computador tem) para o Exame Nacional do Ensino M\u00e9dio (Enem) se mostram aliviados com a decis\u00e3o do Senado Federal em adiar as provas previstas para novembro deste ano. O Senado aprovou projeto de lei determinando o adiamento das provas devido \u00e0 pandemia do coronav\u00edrus. O texto recebeu nesta ter\u00e7a-feira, dia 19 de maio, a aprova\u00e7\u00e3oo de 75 senadores. O \u00fanico voto contr\u00e1rio&hellip;<\/p>\n","protected":false},"author":1,"featured_media":16755,"comment_status":"open","ping_status":"open","sticky":false,"template":"","format":"standard","meta":{"footnotes":""},"categories":[1],"tags":[],"class_list":["post-16754","post","type-post","status-publish","format-standard","has-post-thumbnail","hentry","category-noticias"],"_links":{"self":[{"href":"https:\/\/blogdorogeriogomes.com.br\/noticias\/wp-json\/wp\/v2\/posts\/16754","targetHints":{"allow":["GET"]}}],"collection":[{"href":"https:\/\/blogdorogeriogomes.com.br\/noticias\/wp-json\/wp\/v2\/posts"}],"about":[{"href":"https:\/\/blogdorogeriogomes.com.br\/noticias\/wp-json\/wp\/v2\/types\/post"}],"author":[{"embeddable":true,"href":"https:\/\/blogdorogeriogomes.com.br\/noticias\/wp-json\/wp\/v2\/users\/1"}],"replies":[{"embeddable":true,"href":"https:\/\/blogdorogeriogomes.com.br\/noticias\/wp-json\/wp\/v2\/comments?post=16754"}],"version-history":[{"count":2,"href":"https:\/\/blogdorogeriogomes.com.br\/noticias\/wp-json\/wp\/v2\/posts\/16754\/revisions"}],"predecessor-version":[{"id":16760,"href":"https:\/\/blogdorogeriogomes.com.br\/noticias\/wp-json\/wp\/v2\/posts\/16754\/revisions\/16760"}],"wp:featuredmedia":[{"embeddable":true,"href":"https:\/\/blogdorogeriogomes.com.br\/noticias\/wp-json\/wp\/v2\/media\/16755"}],"wp:attachment":[{"href":"https:\/\/blogdorogeriogomes.com.br\/noticias\/wp-json\/wp\/v2\/media?parent=16754"}],"wp:term":[{"taxonomy":"category","embeddable":true,"href":"https:\/\/blogdorogeriogomes.com.br\/noticias\/wp-json\/wp\/v2\/categories?post=16754"},{"taxonomy":"post_tag","embeddable":true,"href":"https:\/\/blogdorogeriogomes.com.br\/noticias\/wp-json\/wp\/v2\/tags?post=16754"}],"curies":[{"name":"wp","href":"https:\/\/api.w.org\/{rel}","templated":true}]}}