{"id":16763,"date":"2020-05-20T13:03:15","date_gmt":"2020-05-20T13:03:15","guid":{"rendered":"http:\/\/blogdorogeriogomes.com.br\/?p=16763"},"modified":"2020-05-20T16:39:53","modified_gmt":"2020-05-20T16:39:53","slug":"bolsonaro-determina-novo-protocolo-para-uso-da-cloroquina-pelo-ministerio-da-saude","status":"publish","type":"post","link":"https:\/\/blogdorogeriogomes.com.br\/noticias\/2020\/05\/bolsonaro-determina-novo-protocolo-para-uso-da-cloroquina-pelo-ministerio-da-saude\/","title":{"rendered":"Bolsonaro determina novo protocolo para uso da cloroquina pelo Minist\u00e9rio da Sa\u00fade"},"content":{"rendered":"\n<p>Como j\u00e1 havia sido anunciado pelo presidente Jair Bolsonaro, o Minist\u00e9rio da Sa\u00fade divulgou, na manh\u00e3 desta quarta-feira, dia 20 de maio, um protocolo para aplica\u00e7\u00e3o da cloroquina e hidroxicloroquina em pacientes com sintomas leves para tratar do novo coronav\u00edrus.<\/p>\n\n\n\n<p>O uso do medicamento foi ponto de diverg\u00eancia com o ex-ministro da Sa\u00fade Nelson Teich, que deixou o cargo na semana passada. O protocolo foi publicado no momento em que o minist\u00e9rio \u00e9 comandado interinamente por Eduardo Pazuello. Pesquisas internacionais ainda n\u00e3o comprovam a efici\u00eancia da droga e indicam risco em ministr\u00e1-la.<\/p>\n\n\n\n<p>Segundo o protocolo, &#8220;a prescri\u00e7\u00e3o de todo e qualquer medicamento \u00e9 prerrogativa do m\u00e9dico&#8221;. O texto do Minist\u00e9rio da Sa\u00fade tamb\u00e9m diz que o paciente vai ter que assinar o termo de consentimento a respeito da aplica\u00e7\u00e3o de cloroquina e hidroxicloroquina no tratamento. O termo indica que &#8220;a cloroquina e a hidroxicloroquina podem causar efeitos colaterais&#8221;, citando disfun\u00e7\u00e3o card\u00edaca e altera\u00e7\u00f5es visuais.<\/p>\n\n\n\n<figure class=\"wp-block-gallery columns-1 is-cropped wp-block-gallery-1 is-layout-flex wp-block-gallery-is-layout-flex\"><ul class=\"blocks-gallery-grid\"><li class=\"blocks-gallery-item\"><figure><img loading=\"lazy\" decoding=\"async\" width=\"696\" height=\"389\" src=\"http:\/\/blogdorogeriogomes.com.br\/wp-content\/uploads\/2020\/05\/images-9-3.jpeg\" alt=\"\" data-id=\"16764\" data-full-url=\"http:\/\/blogdorogeriogomes.com.br\/wp-content\/uploads\/2020\/05\/images-9-3.jpeg\" data-link=\"http:\/\/blogdorogeriogomes.com.br\/?attachment_id=16764\" class=\"wp-image-16764\" srcset=\"https:\/\/blogdorogeriogomes.com.br\/noticias\/wp-content\/uploads\/2020\/05\/images-9-3.jpeg 696w, https:\/\/blogdorogeriogomes.com.br\/noticias\/wp-content\/uploads\/2020\/05\/images-9-3-300x168.jpeg 300w\" sizes=\"auto, (max-width: 696px) 100vw, 696px\" \/><\/figure><\/li><\/ul><\/figure>\n\n\n\n<p><\/p>\n","protected":false},"excerpt":{"rendered":"<p>Como j\u00e1 havia sido anunciado pelo presidente Jair Bolsonaro, o Minist\u00e9rio da Sa\u00fade divulgou, na manh\u00e3 desta quarta-feira, dia 20 de maio, um protocolo para aplica\u00e7\u00e3o da cloroquina e hidroxicloroquina em pacientes com sintomas leves para tratar do novo coronav\u00edrus. O uso do medicamento foi ponto de diverg\u00eancia com o ex-ministro da Sa\u00fade Nelson Teich, que deixou o cargo na semana passada. O protocolo foi publicado no momento em que o minist\u00e9rio \u00e9 comandado interinamente por Eduardo Pazuello. Pesquisas&hellip;<\/p>\n","protected":false},"author":1,"featured_media":16764,"comment_status":"open","ping_status":"open","sticky":false,"template":"","format":"standard","meta":{"footnotes":""},"categories":[1],"tags":[],"class_list":["post-16763","post","type-post","status-publish","format-standard","has-post-thumbnail","hentry","category-noticias"],"_links":{"self":[{"href":"https:\/\/blogdorogeriogomes.com.br\/noticias\/wp-json\/wp\/v2\/posts\/16763","targetHints":{"allow":["GET"]}}],"collection":[{"href":"https:\/\/blogdorogeriogomes.com.br\/noticias\/wp-json\/wp\/v2\/posts"}],"about":[{"href":"https:\/\/blogdorogeriogomes.com.br\/noticias\/wp-json\/wp\/v2\/types\/post"}],"author":[{"embeddable":true,"href":"https:\/\/blogdorogeriogomes.com.br\/noticias\/wp-json\/wp\/v2\/users\/1"}],"replies":[{"embeddable":true,"href":"https:\/\/blogdorogeriogomes.com.br\/noticias\/wp-json\/wp\/v2\/comments?post=16763"}],"version-history":[{"count":1,"href":"https:\/\/blogdorogeriogomes.com.br\/noticias\/wp-json\/wp\/v2\/posts\/16763\/revisions"}],"predecessor-version":[{"id":16765,"href":"https:\/\/blogdorogeriogomes.com.br\/noticias\/wp-json\/wp\/v2\/posts\/16763\/revisions\/16765"}],"wp:featuredmedia":[{"embeddable":true,"href":"https:\/\/blogdorogeriogomes.com.br\/noticias\/wp-json\/wp\/v2\/media\/16764"}],"wp:attachment":[{"href":"https:\/\/blogdorogeriogomes.com.br\/noticias\/wp-json\/wp\/v2\/media?parent=16763"}],"wp:term":[{"taxonomy":"category","embeddable":true,"href":"https:\/\/blogdorogeriogomes.com.br\/noticias\/wp-json\/wp\/v2\/categories?post=16763"},{"taxonomy":"post_tag","embeddable":true,"href":"https:\/\/blogdorogeriogomes.com.br\/noticias\/wp-json\/wp\/v2\/tags?post=16763"}],"curies":[{"name":"wp","href":"https:\/\/api.w.org\/{rel}","templated":true}]}}